{"id":3627,"date":"2020-10-23T19:02:36","date_gmt":"2020-10-23T22:02:36","guid":{"rendered":"https:\/\/www.ufmg.br\/periodicos\/?p=3627"},"modified":"2020-10-23T19:02:36","modified_gmt":"2020-10-23T22:02:36","slug":"v-ciclo-de-formacao-de-editores","status":"publish","type":"post","link":"https:\/\/www.ufmg.br\/periodicos\/v-ciclo-de-formacao-de-editores\/","title":{"rendered":"V Ciclo de Forma\u00e7\u00e3o de Editores"},"content":{"rendered":"<p>Nos dias 27 de outubro e 03 e 05 de Novembro, o Portal de Peri\u00f3dicos UFMG realizar\u00e1 o V Ciclo de Forma\u00e7\u00e3o de Editores, em parceria com a Biblioteca Universit\u00e1ria, que estar\u00e1 promovendo, entre os dias 28 e 30\/10, o VII Encontro do Sistema de Bibliotecas da UFMG.<\/p>\n<p>No dia\u00a0<strong>27 de outubro<\/strong>\u00a0(ter\u00e7a-feira), acontecer\u00e3o dois webinars relativos \u00e0s atividades editoriais:<\/p>\n<p>1)\u00a0<strong>10h<\/strong>: \u201cBibliotec\u00e1rios promovendo a qualidade editorial em revistas cient\u00edficas\u201d, com L\u00facia da Silveira (bibliotec\u00e1ria ex-coordenadora do Portal de Peri\u00f3dicos UFSC) e Jorge Polanco (bibliotec\u00e1rio coordenador Latindex para Costa Rica e coordenador do Portal de Revistas da Universidad Costa Rica).<\/p>\n<p>2)\u00a0<strong>14h<\/strong>: \u201cOJS 3.2.1.1+: dicas Suelybcs\u201d, com Suely de Brito Clemente Soares (cibertec\u00e1ria\u00a0consultora em OJS3 e s\u00f3cia administradora da Content Mind Capacita\u00e7\u00e3o Profissional).<\/p>\n<p>O canal da transmiss\u00e3o dos webinars \u00e9 <a href=\"https:\/\/www.youtube.com\/user\/UFMGBiblioteca\">youtube.com\/UFMGBiblioteca<\/a><\/p>\n<p>Na semana seguinte, fechando o V Ciclo de Forma\u00e7\u00e3o de Editores com Suely Soares, haver\u00e1 dois turnos de treinamento e tira-d\u00favidas sobre a nova vers\u00e3o do OJS (3.2):<\/p>\n<p>3)\u00a0<strong>03 de novembro<\/strong>: ter\u00e7a-feira, de 10h \u00e0s 12h;<\/p>\n<p>4)\u00a0<strong>05 de novembro<\/strong>: quinta-feira, de 16h \u00e0s 18h.<\/p>\n<p><a href=\"https:\/\/www.ufmg.br\/periodicos\/wp-content\/files\/2020\/10\/pe\u00e7a0.jpeg\"><img loading=\"lazy\" decoding=\"async\" class=\"alignnone size-medium wp-image-3635\" src=\"https:\/\/www.ufmg.br\/periodicos\/wp-content\/files\/2020\/10\/pe\u00e7a0-300x300.jpeg\" alt=\"\" width=\"300\" height=\"300\" srcset=\"https:\/\/www.ufmg.br\/periodicos\/wp-content\/files\/2020\/10\/pe\u00e7a0-300x300.jpeg 300w, https:\/\/www.ufmg.br\/periodicos\/wp-content\/files\/2020\/10\/pe\u00e7a0-150x150.jpeg 150w, https:\/\/www.ufmg.br\/periodicos\/wp-content\/files\/2020\/10\/pe\u00e7a0-768x768.jpeg 768w, https:\/\/www.ufmg.br\/periodicos\/wp-content\/files\/2020\/10\/pe\u00e7a0-1024x1024.jpeg 1024w, https:\/\/www.ufmg.br\/periodicos\/wp-content\/files\/2020\/10\/pe\u00e7a0.jpeg 1080w\" sizes=\"auto, (max-width: 300px) 100vw, 300px\" \/><\/a> <a href=\"https:\/\/www.ufmg.br\/periodicos\/wp-content\/files\/2020\/10\/pe\u00e7a1.jpeg\"><img loading=\"lazy\" decoding=\"async\" class=\"alignnone size-medium wp-image-3636\" src=\"https:\/\/www.ufmg.br\/periodicos\/wp-content\/files\/2020\/10\/pe\u00e7a1-300x300.jpeg\" alt=\"\" width=\"300\" height=\"300\" srcset=\"https:\/\/www.ufmg.br\/periodicos\/wp-content\/files\/2020\/10\/pe\u00e7a1-300x300.jpeg 300w, https:\/\/www.ufmg.br\/periodicos\/wp-content\/files\/2020\/10\/pe\u00e7a1-150x150.jpeg 150w, https:\/\/www.ufmg.br\/periodicos\/wp-content\/files\/2020\/10\/pe\u00e7a1-768x768.jpeg 768w, https:\/\/www.ufmg.br\/periodicos\/wp-content\/files\/2020\/10\/pe\u00e7a1-1024x1024.jpeg 1024w, https:\/\/www.ufmg.br\/periodicos\/wp-content\/files\/2020\/10\/pe\u00e7a1.jpeg 1080w\" sizes=\"auto, (max-width: 300px) 100vw, 300px\" \/><\/a> <a href=\"https:\/\/www.ufmg.br\/periodicos\/wp-content\/files\/2020\/10\/pe\u00e7a2.jpeg\"><img loading=\"lazy\" decoding=\"async\" class=\"alignnone size-medium wp-image-3637\" src=\"https:\/\/www.ufmg.br\/periodicos\/wp-content\/files\/2020\/10\/pe\u00e7a2-300x300.jpeg\" alt=\"\" width=\"300\" height=\"300\" srcset=\"https:\/\/www.ufmg.br\/periodicos\/wp-content\/files\/2020\/10\/pe\u00e7a2-300x300.jpeg 300w, https:\/\/www.ufmg.br\/periodicos\/wp-content\/files\/2020\/10\/pe\u00e7a2-150x150.jpeg 150w, https:\/\/www.ufmg.br\/periodicos\/wp-content\/files\/2020\/10\/pe\u00e7a2-768x768.jpeg 768w, https:\/\/www.ufmg.br\/periodicos\/wp-content\/files\/2020\/10\/pe\u00e7a2-1024x1024.jpeg 1024w, https:\/\/www.ufmg.br\/periodicos\/wp-content\/files\/2020\/10\/pe\u00e7a2.jpeg 1080w\" sizes=\"auto, (max-width: 300px) 100vw, 300px\" \/><\/a><\/p>","protected":false},"excerpt":{"rendered":"<p>Nos dias 27 de outubro e 03 e 05 de Novembro, o Portal de Peri\u00f3dicos UFMG realizar\u00e1 o V Ciclo de Forma\u00e7\u00e3o de Editores, em parceria com a Biblioteca Universit\u00e1ria, que estar\u00e1 promovendo, entre os dias 28 e 30\/10, o VII Encontro do Sistema de Bibliotecas da UFMG. No dia\u00a027 de outubro\u00a0(ter\u00e7a-feira), acontecer\u00e3o dois webinars [&hellip;]<\/p>\n","protected":false},"author":40,"featured_media":0,"comment_status":"open","ping_status":"open","sticky":false,"template":"","format":"standard","meta":{"footnotes":""},"categories":[3],"tags":[],"class_list":["post-3627","post","type-post","status-publish","format-standard","hentry","category-noticias"],"_links":{"self":[{"href":"https:\/\/www.ufmg.br\/periodicos\/wp-json\/wp\/v2\/posts\/3627","targetHints":{"allow":["GET"]}}],"collection":[{"href":"https:\/\/www.ufmg.br\/periodicos\/wp-json\/wp\/v2\/posts"}],"about":[{"href":"https:\/\/www.ufmg.br\/periodicos\/wp-json\/wp\/v2\/types\/post"}],"author":[{"embeddable":true,"href":"https:\/\/www.ufmg.br\/periodicos\/wp-json\/wp\/v2\/users\/40"}],"replies":[{"embeddable":true,"href":"https:\/\/www.ufmg.br\/periodicos\/wp-json\/wp\/v2\/comments?post=3627"}],"version-history":[{"count":8,"href":"https:\/\/www.ufmg.br\/periodicos\/wp-json\/wp\/v2\/posts\/3627\/revisions"}],"predecessor-version":[{"id":3638,"href":"https:\/\/www.ufmg.br\/periodicos\/wp-json\/wp\/v2\/posts\/3627\/revisions\/3638"}],"wp:attachment":[{"href":"https:\/\/www.ufmg.br\/periodicos\/wp-json\/wp\/v2\/media?parent=3627"}],"wp:term":[{"taxonomy":"category","embeddable":true,"href":"https:\/\/www.ufmg.br\/periodicos\/wp-json\/wp\/v2\/categories?post=3627"},{"taxonomy":"post_tag","embeddable":true,"href":"https:\/\/www.ufmg.br\/periodicos\/wp-json\/wp\/v2\/tags?post=3627"}],"curies":[{"name":"wp","href":"https:\/\/api.w.org\/{rel}","templated":true}]}}