{"id":3639,"date":"2020-10-27T16:35:32","date_gmt":"2020-10-27T19:35:32","guid":{"rendered":"https:\/\/www.ufmg.br\/periodicos\/?p=3639"},"modified":"2020-10-27T20:59:38","modified_gmt":"2020-10-27T23:59:38","slug":"bibliotecarios-promovendo-a-qualidade-editorial-em-revistas-cientificas","status":"publish","type":"post","link":"https:\/\/www.ufmg.br\/periodicos\/bibliotecarios-promovendo-a-qualidade-editorial-em-revistas-cientificas\/","title":{"rendered":"Bibliotec\u00e1rios promovendo a qualidade editorial em revistas cient\u00edficas"},"content":{"rendered":"<p>Hoje iniciamos o <a href=\"https:\/\/www.youtube.com\/user\/UFMGBiblioteca\">VII Encontro do Sistema de Bibliotecas e V Ciclo de Forma\u00e7\u00e3o de Editores<\/a>. Na parte da manh\u00e3, tivemos a Bibliotec\u00e1ria L\u00facia da Silveira (UFSC) e o bibliotec\u00e1rio Jorge Polanco Cort\u00eas (Universidade de Costa Rica) numa mesa mediada pela bibliotec\u00e1ria Carla Oliveira (UFMG).<\/p>\n<p>O evento \u00e9 fruto da parceria\u00a0 da Biblioteca Universit\u00e1ria e Pr\u00f3-reitoria de Pesquisa da UFMG e poder\u00e1 ser revisto <a href=\"https:\/\/www.youtube.com\/watch?v=uH706SK5BQo&amp;t=187s\">aqui<\/a>.<\/p>\n<p><a href=\"https:\/\/www.ufmg.br\/periodicos\/wp-content\/files\/2020\/10\/1.jpg\"><img loading=\"lazy\" decoding=\"async\" class=\"alignnone size-medium wp-image-3640\" src=\"https:\/\/www.ufmg.br\/periodicos\/wp-content\/files\/2020\/10\/1-300x146.jpg\" alt=\"\" width=\"300\" height=\"146\" srcset=\"https:\/\/www.ufmg.br\/periodicos\/wp-content\/files\/2020\/10\/1-300x146.jpg 300w, https:\/\/www.ufmg.br\/periodicos\/wp-content\/files\/2020\/10\/1-768x374.jpg 768w, https:\/\/www.ufmg.br\/periodicos\/wp-content\/files\/2020\/10\/1-1024x498.jpg 1024w, https:\/\/www.ufmg.br\/periodicos\/wp-content\/files\/2020\/10\/1.jpg 1110w\" sizes=\"auto, (max-width: 300px) 100vw, 300px\" \/><\/a><\/p>\n<p><a href=\"https:\/\/www.ufmg.br\/periodicos\/wp-content\/files\/2020\/10\/15.jpg\"><img loading=\"lazy\" decoding=\"async\" class=\"alignnone size-medium wp-image-3641\" src=\"https:\/\/www.ufmg.br\/periodicos\/wp-content\/files\/2020\/10\/15-300x146.jpg\" alt=\"\" width=\"300\" height=\"146\" srcset=\"https:\/\/www.ufmg.br\/periodicos\/wp-content\/files\/2020\/10\/15-300x146.jpg 300w, https:\/\/www.ufmg.br\/periodicos\/wp-content\/files\/2020\/10\/15-768x374.jpg 768w, https:\/\/www.ufmg.br\/periodicos\/wp-content\/files\/2020\/10\/15-1024x498.jpg 1024w, https:\/\/www.ufmg.br\/periodicos\/wp-content\/files\/2020\/10\/15.jpg 1110w\" sizes=\"auto, (max-width: 300px) 100vw, 300px\" \/><\/a><\/p>","protected":false},"excerpt":{"rendered":"<p>Hoje iniciamos o VII Encontro do Sistema de Bibliotecas e V Ciclo de Forma\u00e7\u00e3o de Editores. Na parte da manh\u00e3, tivemos a Bibliotec\u00e1ria L\u00facia da Silveira (UFSC) e o bibliotec\u00e1rio Jorge Polanco Cort\u00eas (Universidade de Costa Rica) numa mesa mediada pela bibliotec\u00e1ria Carla Oliveira (UFMG). O evento \u00e9 fruto da parceria\u00a0 da Biblioteca Universit\u00e1ria e [&hellip;]<\/p>\n","protected":false},"author":6,"featured_media":0,"comment_status":"open","ping_status":"open","sticky":false,"template":"","format":"standard","meta":{"footnotes":""},"categories":[3],"tags":[],"class_list":["post-3639","post","type-post","status-publish","format-standard","hentry","category-noticias"],"_links":{"self":[{"href":"https:\/\/www.ufmg.br\/periodicos\/wp-json\/wp\/v2\/posts\/3639","targetHints":{"allow":["GET"]}}],"collection":[{"href":"https:\/\/www.ufmg.br\/periodicos\/wp-json\/wp\/v2\/posts"}],"about":[{"href":"https:\/\/www.ufmg.br\/periodicos\/wp-json\/wp\/v2\/types\/post"}],"author":[{"embeddable":true,"href":"https:\/\/www.ufmg.br\/periodicos\/wp-json\/wp\/v2\/users\/6"}],"replies":[{"embeddable":true,"href":"https:\/\/www.ufmg.br\/periodicos\/wp-json\/wp\/v2\/comments?post=3639"}],"version-history":[{"count":5,"href":"https:\/\/www.ufmg.br\/periodicos\/wp-json\/wp\/v2\/posts\/3639\/revisions"}],"predecessor-version":[{"id":3654,"href":"https:\/\/www.ufmg.br\/periodicos\/wp-json\/wp\/v2\/posts\/3639\/revisions\/3654"}],"wp:attachment":[{"href":"https:\/\/www.ufmg.br\/periodicos\/wp-json\/wp\/v2\/media?parent=3639"}],"wp:term":[{"taxonomy":"category","embeddable":true,"href":"https:\/\/www.ufmg.br\/periodicos\/wp-json\/wp\/v2\/categories?post=3639"},{"taxonomy":"post_tag","embeddable":true,"href":"https:\/\/www.ufmg.br\/periodicos\/wp-json\/wp\/v2\/tags?post=3639"}],"curies":[{"name":"wp","href":"https:\/\/api.w.org\/{rel}","templated":true}]}}