{"id":3666,"date":"2020-11-04T21:08:40","date_gmt":"2020-11-05T00:08:40","guid":{"rendered":"https:\/\/www.ufmg.br\/periodicos\/?p=3666"},"modified":"2020-11-04T21:56:50","modified_gmt":"2020-11-05T00:56:50","slug":"treinamento-da-nova-versao-do-ojs","status":"publish","type":"post","link":"https:\/\/www.ufmg.br\/periodicos\/treinamento-do-ojs\/","title":{"rendered":"Treinamento da nova vers\u00e3o do Ojs"},"content":{"rendered":"<p>O V Ciclo de Forma\u00e7\u00e3o de Editores com o VII Encontro do Sistema de Bibliotecas da UFMG propiciou uma palestra com a Profa. Suely Clemente sobre as dicas para a nova vers\u00e3o do Open Journal System que poder\u00e1 ser revista <a href=\"https:\/\/www.youtube.com\/watch?v=OZgBTQbQS-Q&amp;t=857s\">aqui<\/a>.<\/p>\n<p><a href=\"https:\/\/www.ufmg.br\/periodicos\/wp-content\/files\/2020\/10\/Screenshot_20201027-154424_YouTube.jpg\"><img loading=\"lazy\" decoding=\"async\" class=\"size-medium wp-image-3649 aligncenter\" src=\"https:\/\/www.ufmg.br\/periodicos\/wp-content\/files\/2020\/10\/Screenshot_20201027-154424_YouTube-300x138.jpg\" alt=\"\" width=\"300\" height=\"138\" srcset=\"https:\/\/www.ufmg.br\/periodicos\/wp-content\/files\/2020\/10\/Screenshot_20201027-154424_YouTube-300x138.jpg 300w, https:\/\/www.ufmg.br\/periodicos\/wp-content\/files\/2020\/10\/Screenshot_20201027-154424_YouTube-768x354.jpg 768w, https:\/\/www.ufmg.br\/periodicos\/wp-content\/files\/2020\/10\/Screenshot_20201027-154424_YouTube-1024x473.jpg 1024w, https:\/\/www.ufmg.br\/periodicos\/wp-content\/files\/2020\/10\/Screenshot_20201027-154424_YouTube.jpg 1560w\" sizes=\"auto, (max-width: 300px) 100vw, 300px\" \/><\/a><\/p>\n<p><span style=\"font-family: Default Sans Serif,Verdana,Arial,Helvetica,sans-serif; font-size: small;\"><span style=\"font-family: Default Sans Serif, Verdana, Arial, Helvetica, sans-serif; font-size: medium;\">Dando continuidade ao V Ciclo de Forma\u00e7\u00e3o de Editores amanh\u00e3, dia 05\/11 \u00e0s 16hs, haver\u00e1 a \u00faltima oportunidade de capacita\u00e7\u00e3o e tira-d\u00favidas sobre a nova vers\u00e3o do OJS (3.2) ministrados pela cibertec\u00e1ria Suely de Brito Clemente Soares.<\/span><\/span><\/p>\n<p><a href=\"https:\/\/www.ufmg.br\/periodicos\/wp-content\/files\/2020\/11\/treinamento.jpg\"><img loading=\"lazy\" decoding=\"async\" class=\"size-medium wp-image-3671 aligncenter\" src=\"https:\/\/www.ufmg.br\/periodicos\/wp-content\/files\/2020\/11\/treinamento-300x169.jpg\" alt=\"\" width=\"300\" height=\"169\" srcset=\"https:\/\/www.ufmg.br\/periodicos\/wp-content\/files\/2020\/11\/treinamento-300x169.jpg 300w, https:\/\/www.ufmg.br\/periodicos\/wp-content\/files\/2020\/11\/treinamento-768x432.jpg 768w, https:\/\/www.ufmg.br\/periodicos\/wp-content\/files\/2020\/11\/treinamento-1024x576.jpg 1024w\" sizes=\"auto, (max-width: 300px) 100vw, 300px\" \/><\/a><\/p>\n<p>No <span style=\"font-family: Default Sans Serif,Verdana,Arial,Helvetica,sans-serif; font-size: small;\"><span style=\"font-family: Default Sans Serif, Verdana, Arial, Helvetica, sans-serif; font-size: medium;\">03 de novembro, \u00faltima ter\u00e7a-feira Suely j\u00e1 tirou d\u00favidas de uma parte dos editores. Os treinamentos s\u00e3o fechados aos editores e equipe editorial das revistas vinculadas ao Portal de Peri\u00f3dicos UFMG e \u00e9 necess\u00e1rio se inscrever <a href=\"https:\/\/aplicativos.ufmg.br\/conhecimento\/atividades\/e\/53\/v-ciclo-de-formacao-de-editores\">aqui<\/a>.<\/span><\/span><\/p>\n<p>&nbsp;<\/p>","protected":false},"excerpt":{"rendered":"<p>O V Ciclo de Forma\u00e7\u00e3o de Editores com o VII Encontro do Sistema de Bibliotecas da UFMG propiciou uma palestra com a Profa. Suely Clemente sobre as dicas para a nova vers\u00e3o do Open Journal System que poder\u00e1 ser revista aqui. Dando continuidade ao V Ciclo de Forma\u00e7\u00e3o de Editores amanh\u00e3, dia 05\/11 \u00e0s 16hs, [&hellip;]<\/p>\n","protected":false},"author":6,"featured_media":0,"comment_status":"open","ping_status":"open","sticky":false,"template":"","format":"standard","meta":{"footnotes":""},"categories":[3],"tags":[],"class_list":["post-3666","post","type-post","status-publish","format-standard","hentry","category-noticias"],"_links":{"self":[{"href":"https:\/\/www.ufmg.br\/periodicos\/wp-json\/wp\/v2\/posts\/3666","targetHints":{"allow":["GET"]}}],"collection":[{"href":"https:\/\/www.ufmg.br\/periodicos\/wp-json\/wp\/v2\/posts"}],"about":[{"href":"https:\/\/www.ufmg.br\/periodicos\/wp-json\/wp\/v2\/types\/post"}],"author":[{"embeddable":true,"href":"https:\/\/www.ufmg.br\/periodicos\/wp-json\/wp\/v2\/users\/6"}],"replies":[{"embeddable":true,"href":"https:\/\/www.ufmg.br\/periodicos\/wp-json\/wp\/v2\/comments?post=3666"}],"version-history":[{"count":5,"href":"https:\/\/www.ufmg.br\/periodicos\/wp-json\/wp\/v2\/posts\/3666\/revisions"}],"predecessor-version":[{"id":3674,"href":"https:\/\/www.ufmg.br\/periodicos\/wp-json\/wp\/v2\/posts\/3666\/revisions\/3674"}],"wp:attachment":[{"href":"https:\/\/www.ufmg.br\/periodicos\/wp-json\/wp\/v2\/media?parent=3666"}],"wp:term":[{"taxonomy":"category","embeddable":true,"href":"https:\/\/www.ufmg.br\/periodicos\/wp-json\/wp\/v2\/categories?post=3666"},{"taxonomy":"post_tag","embeddable":true,"href":"https:\/\/www.ufmg.br\/periodicos\/wp-json\/wp\/v2\/tags?post=3666"}],"curies":[{"name":"wp","href":"https:\/\/api.w.org\/{rel}","templated":true}]}}