{"id":3696,"date":"2020-12-01T19:11:14","date_gmt":"2020-12-01T22:11:14","guid":{"rendered":"https:\/\/www.ufmg.br\/periodicos\/?p=3696"},"modified":"2020-12-01T19:11:14","modified_gmt":"2020-12-01T22:11:14","slug":"como-garantir-a-preservacao-digital-dos-periodicos-cientificos-2","status":"publish","type":"post","link":"https:\/\/www.ufmg.br\/periodicos\/como-garantir-a-preservacao-digital-dos-periodicos-cientificos-2\/","title":{"rendered":"Como Garantir a Preserva\u00e7\u00e3o Digital dos Peri\u00f3dicos Cient\u00edficos"},"content":{"rendered":"<p>O webinar Como Garantir a Preserva\u00e7\u00e3o Digital dos Peri\u00f3dicos Cient\u00edficos, com Miguel \u00c1ngel Arellano (Ibict\/Rede Cariniana) e Gildenir C. Santos (Unicamp\/SBU) ocorrido no dia de hoje apresentou os objetivos da preserva\u00e7\u00e3o digital, os m\u00e9todos e as pol\u00edticas de preserva\u00e7\u00e3o. Como fazer a preserva\u00e7\u00e3o de modo eficiente? Como evitar o risco de perda de dados\/conte\u00fado editorial?<\/p>\n<p>Os slides da apresenta\u00e7\u00e3o podem ser vistos em: Santos, Gildenir Carolino; M\u00e1rdero Arellano, Miguel \u00c1ngel (2020): Como garantir a preserva\u00e7\u00e3o digital dos periodicos cientificos. figshare. Presentation. <a href=\"https:\/\/doi.org\/10.6084\/m9.figshare.13299713.v3\">https:\/\/doi.org\/10.6084\/m9.figshare.13299713.v3<\/a><\/p>\n<p>A apresenta\u00e7\u00e3o est\u00e1 dispon\u00edvel <a href=\"https:\/\/www.youtube.com\/watch?v=YsLizHUxRRc&amp;feature=youtu.be\">aqui<\/a>.<\/p>","protected":false},"excerpt":{"rendered":"<p>O webinar Como Garantir a Preserva\u00e7\u00e3o Digital dos Peri\u00f3dicos Cient\u00edficos, com Miguel \u00c1ngel Arellano (Ibict\/Rede Cariniana) e Gildenir C. Santos (Unicamp\/SBU) ocorrido no dia de hoje apresentou os objetivos da preserva\u00e7\u00e3o digital, os m\u00e9todos e as pol\u00edticas de preserva\u00e7\u00e3o. Como fazer a preserva\u00e7\u00e3o de modo eficiente? Como evitar o risco de perda de dados\/conte\u00fado editorial? [&hellip;]<\/p>\n","protected":false},"author":6,"featured_media":0,"comment_status":"open","ping_status":"open","sticky":false,"template":"","format":"standard","meta":{"footnotes":""},"categories":[3],"tags":[],"class_list":["post-3696","post","type-post","status-publish","format-standard","hentry","category-noticias"],"_links":{"self":[{"href":"https:\/\/www.ufmg.br\/periodicos\/wp-json\/wp\/v2\/posts\/3696","targetHints":{"allow":["GET"]}}],"collection":[{"href":"https:\/\/www.ufmg.br\/periodicos\/wp-json\/wp\/v2\/posts"}],"about":[{"href":"https:\/\/www.ufmg.br\/periodicos\/wp-json\/wp\/v2\/types\/post"}],"author":[{"embeddable":true,"href":"https:\/\/www.ufmg.br\/periodicos\/wp-json\/wp\/v2\/users\/6"}],"replies":[{"embeddable":true,"href":"https:\/\/www.ufmg.br\/periodicos\/wp-json\/wp\/v2\/comments?post=3696"}],"version-history":[{"count":3,"href":"https:\/\/www.ufmg.br\/periodicos\/wp-json\/wp\/v2\/posts\/3696\/revisions"}],"predecessor-version":[{"id":3699,"href":"https:\/\/www.ufmg.br\/periodicos\/wp-json\/wp\/v2\/posts\/3696\/revisions\/3699"}],"wp:attachment":[{"href":"https:\/\/www.ufmg.br\/periodicos\/wp-json\/wp\/v2\/media?parent=3696"}],"wp:term":[{"taxonomy":"category","embeddable":true,"href":"https:\/\/www.ufmg.br\/periodicos\/wp-json\/wp\/v2\/categories?post=3696"},{"taxonomy":"post_tag","embeddable":true,"href":"https:\/\/www.ufmg.br\/periodicos\/wp-json\/wp\/v2\/tags?post=3696"}],"curies":[{"name":"wp","href":"https:\/\/api.w.org\/{rel}","templated":true}]}}