{"id":3823,"date":"2021-04-20T11:53:58","date_gmt":"2021-04-20T14:53:58","guid":{"rendered":"https:\/\/www.ufmg.br\/periodicos\/?p=3823"},"modified":"2021-04-20T11:53:58","modified_gmt":"2021-04-20T14:53:58","slug":"boas-praticas-nos-processos-editoriais-de-revistas-cientificas-para-lilacs-2021","status":"publish","type":"post","link":"https:\/\/www.ufmg.br\/periodicos\/boas-praticas-nos-processos-editoriais-de-revistas-cientificas-para-lilacs-2021\/","title":{"rendered":"Boas Pr\u00e1ticas nos Processos Editoriais de Revistas Cient\u00edficas para LILACS (2021)"},"content":{"rendered":"<p>Com o objetivo de promover conhecimento em t\u00f3picos importante para melhorar a qualidade e visibilidade dos peri\u00f3dicos da Am\u00e9rica Latina e do Caribe, da \u00e1rea de Ci\u00eancias da \u00e1rea de Sa\u00fade e afins.<\/p>\n<p>Esse evento destina-se a equipe editoriais de revistas cient\u00edficas latinoamericanas indexadas na LILACS ou que pretendem ser indexados nesta base.<\/p>\n<p>Ser\u00e3o encontros mensais, fique ligado <a href=\"https:\/\/lilacs.bvsalud.org\/es\/sesiones-virtuales-lilacs\/buenas-practicas-en-los-procesos-editoriales-de-revistas-cientificas-para-lilacs-2021\/\">aqui<\/a><\/p>\n<p>&nbsp;<\/p>","protected":false},"excerpt":{"rendered":"<p>Com o objetivo de promover conhecimento em t\u00f3picos importante para melhorar a qualidade e visibilidade dos peri\u00f3dicos da Am\u00e9rica Latina e do Caribe, da \u00e1rea de Ci\u00eancias da \u00e1rea de Sa\u00fade e afins. Esse evento destina-se a equipe editoriais de revistas cient\u00edficas latinoamericanas indexadas na LILACS ou que pretendem ser indexados nesta base. Ser\u00e3o encontros [&hellip;]<\/p>\n","protected":false},"author":6,"featured_media":0,"comment_status":"open","ping_status":"open","sticky":false,"template":"","format":"standard","meta":{"footnotes":""},"categories":[3],"tags":[],"class_list":["post-3823","post","type-post","status-publish","format-standard","hentry","category-noticias"],"_links":{"self":[{"href":"https:\/\/www.ufmg.br\/periodicos\/wp-json\/wp\/v2\/posts\/3823","targetHints":{"allow":["GET"]}}],"collection":[{"href":"https:\/\/www.ufmg.br\/periodicos\/wp-json\/wp\/v2\/posts"}],"about":[{"href":"https:\/\/www.ufmg.br\/periodicos\/wp-json\/wp\/v2\/types\/post"}],"author":[{"embeddable":true,"href":"https:\/\/www.ufmg.br\/periodicos\/wp-json\/wp\/v2\/users\/6"}],"replies":[{"embeddable":true,"href":"https:\/\/www.ufmg.br\/periodicos\/wp-json\/wp\/v2\/comments?post=3823"}],"version-history":[{"count":3,"href":"https:\/\/www.ufmg.br\/periodicos\/wp-json\/wp\/v2\/posts\/3823\/revisions"}],"predecessor-version":[{"id":3826,"href":"https:\/\/www.ufmg.br\/periodicos\/wp-json\/wp\/v2\/posts\/3823\/revisions\/3826"}],"wp:attachment":[{"href":"https:\/\/www.ufmg.br\/periodicos\/wp-json\/wp\/v2\/media?parent=3823"}],"wp:term":[{"taxonomy":"category","embeddable":true,"href":"https:\/\/www.ufmg.br\/periodicos\/wp-json\/wp\/v2\/categories?post=3823"},{"taxonomy":"post_tag","embeddable":true,"href":"https:\/\/www.ufmg.br\/periodicos\/wp-json\/wp\/v2\/tags?post=3823"}],"curies":[{"name":"wp","href":"https:\/\/api.w.org\/{rel}","templated":true}]}}