{"id":3849,"date":"2021-05-17T09:57:54","date_gmt":"2021-05-17T12:57:54","guid":{"rendered":"https:\/\/www.ufmg.br\/periodicos\/?p=3849"},"modified":"2021-05-17T09:57:55","modified_gmt":"2021-05-17T12:57:55","slug":"bibliografia-sobre-preservacao-digital","status":"publish","type":"post","link":"https:\/\/www.ufmg.br\/periodicos\/bibliografia-sobre-preservacao-digital\/","title":{"rendered":"Bibliografia sobre preserva\u00e7\u00e3o digital"},"content":{"rendered":"<p>O ebook Bibliografia sobre preserva\u00e7\u00e3o digital: um levantamento nos diversos suportes informacionais, foi organizado por Miguel Mardero Arellano (IBICT) e Gildenir Santos (UNICAMP).<\/p>\n<p>A obra, fruto de trabalho do grupo de pesquisa: &#8220;Estudos e Pr\u00e1ticas de Preserva\u00e7\u00e3o Digital&#8221; da Rede Cariniana apresenta o estado da arte sobre Preserva\u00e7\u00e3o Digital, no per\u00edodo de 30 anos, com a compila\u00e7\u00e3o de refer\u00eancias de livros, peri\u00f3dicos, sites e etc.<\/p>\n<p>O material est\u00e1 dispon\u00edvel online e gratuitamente <a href=\"https:\/\/econtents.bc.unicamp.br\/omp\/index.php\/ebooks\/catalog\/book\/144\">aqui<\/a>.<\/p>","protected":false},"excerpt":{"rendered":"<p>O ebook Bibliografia sobre preserva\u00e7\u00e3o digital: um levantamento nos diversos suportes informacionais, foi organizado por Miguel Mardero Arellano (IBICT) e Gildenir Santos (UNICAMP). A obra, fruto de trabalho do grupo de pesquisa: &#8220;Estudos e Pr\u00e1ticas de Preserva\u00e7\u00e3o Digital&#8221; da Rede Cariniana apresenta o estado da arte sobre Preserva\u00e7\u00e3o Digital, no per\u00edodo de 30 anos, com [&hellip;]<\/p>\n","protected":false},"author":6,"featured_media":0,"comment_status":"open","ping_status":"open","sticky":false,"template":"","format":"standard","meta":{"footnotes":""},"categories":[3],"tags":[],"class_list":["post-3849","post","type-post","status-publish","format-standard","hentry","category-noticias"],"_links":{"self":[{"href":"https:\/\/www.ufmg.br\/periodicos\/wp-json\/wp\/v2\/posts\/3849","targetHints":{"allow":["GET"]}}],"collection":[{"href":"https:\/\/www.ufmg.br\/periodicos\/wp-json\/wp\/v2\/posts"}],"about":[{"href":"https:\/\/www.ufmg.br\/periodicos\/wp-json\/wp\/v2\/types\/post"}],"author":[{"embeddable":true,"href":"https:\/\/www.ufmg.br\/periodicos\/wp-json\/wp\/v2\/users\/6"}],"replies":[{"embeddable":true,"href":"https:\/\/www.ufmg.br\/periodicos\/wp-json\/wp\/v2\/comments?post=3849"}],"version-history":[{"count":1,"href":"https:\/\/www.ufmg.br\/periodicos\/wp-json\/wp\/v2\/posts\/3849\/revisions"}],"predecessor-version":[{"id":3850,"href":"https:\/\/www.ufmg.br\/periodicos\/wp-json\/wp\/v2\/posts\/3849\/revisions\/3850"}],"wp:attachment":[{"href":"https:\/\/www.ufmg.br\/periodicos\/wp-json\/wp\/v2\/media?parent=3849"}],"wp:term":[{"taxonomy":"category","embeddable":true,"href":"https:\/\/www.ufmg.br\/periodicos\/wp-json\/wp\/v2\/categories?post=3849"},{"taxonomy":"post_tag","embeddable":true,"href":"https:\/\/www.ufmg.br\/periodicos\/wp-json\/wp\/v2\/tags?post=3849"}],"curies":[{"name":"wp","href":"https:\/\/api.w.org\/{rel}","templated":true}]}}