{"id":3871,"date":"2021-06-14T20:05:32","date_gmt":"2021-06-14T23:05:32","guid":{"rendered":"https:\/\/www.ufmg.br\/periodicos\/?p=3871"},"modified":"2021-06-14T20:05:32","modified_gmt":"2021-06-14T23:05:32","slug":"abec-brasil-abre-inscricoes-para-o-premio-editor-do-futuro-2021","status":"publish","type":"post","link":"https:\/\/www.ufmg.br\/periodicos\/abec-brasil-abre-inscricoes-para-o-premio-editor-do-futuro-2021\/","title":{"rendered":"ABEC Brasil abre inscri\u00e7\u00f5es para o Pr\u00eamio Editor do Futuro 2021"},"content":{"rendered":"<p>O Pr\u00eamio J\u00fcrgen D\u00f6bereiner, que neste ano de 2021, ser\u00e1 outorgado na modalidade Editor do Futuro. As inscri\u00e7\u00f5es v\u00e3o at\u00e9 o dia 09\/08\/2021 e podem candidatar-se doutorandos e rec\u00e9m-doutores de qualquer \u00e1rea do conhecimento.<\/p>\n<p>Mais informa\u00e7\u00f5es <a href=\"https:\/\/www.abecbrasil.org.br\/novo\/2021\/06\/abec-brasil-abre-inscricoes-para-o-premio-editor-do-futuro-2021\/\">aqui<\/a>.<\/p>","protected":false},"excerpt":{"rendered":"<p>O Pr\u00eamio J\u00fcrgen D\u00f6bereiner, que neste ano de 2021, ser\u00e1 outorgado na modalidade Editor do Futuro. As inscri\u00e7\u00f5es v\u00e3o at\u00e9 o dia 09\/08\/2021 e podem candidatar-se doutorandos e rec\u00e9m-doutores de qualquer \u00e1rea do conhecimento. Mais informa\u00e7\u00f5es aqui.<\/p>\n","protected":false},"author":6,"featured_media":0,"comment_status":"open","ping_status":"open","sticky":false,"template":"","format":"standard","meta":{"footnotes":""},"categories":[3],"tags":[],"class_list":["post-3871","post","type-post","status-publish","format-standard","hentry","category-noticias"],"_links":{"self":[{"href":"https:\/\/www.ufmg.br\/periodicos\/wp-json\/wp\/v2\/posts\/3871","targetHints":{"allow":["GET"]}}],"collection":[{"href":"https:\/\/www.ufmg.br\/periodicos\/wp-json\/wp\/v2\/posts"}],"about":[{"href":"https:\/\/www.ufmg.br\/periodicos\/wp-json\/wp\/v2\/types\/post"}],"author":[{"embeddable":true,"href":"https:\/\/www.ufmg.br\/periodicos\/wp-json\/wp\/v2\/users\/6"}],"replies":[{"embeddable":true,"href":"https:\/\/www.ufmg.br\/periodicos\/wp-json\/wp\/v2\/comments?post=3871"}],"version-history":[{"count":2,"href":"https:\/\/www.ufmg.br\/periodicos\/wp-json\/wp\/v2\/posts\/3871\/revisions"}],"predecessor-version":[{"id":3873,"href":"https:\/\/www.ufmg.br\/periodicos\/wp-json\/wp\/v2\/posts\/3871\/revisions\/3873"}],"wp:attachment":[{"href":"https:\/\/www.ufmg.br\/periodicos\/wp-json\/wp\/v2\/media?parent=3871"}],"wp:term":[{"taxonomy":"category","embeddable":true,"href":"https:\/\/www.ufmg.br\/periodicos\/wp-json\/wp\/v2\/categories?post=3871"},{"taxonomy":"post_tag","embeddable":true,"href":"https:\/\/www.ufmg.br\/periodicos\/wp-json\/wp\/v2\/tags?post=3871"}],"curies":[{"name":"wp","href":"https:\/\/api.w.org\/{rel}","templated":true}]}}