{"id":3878,"date":"2021-06-28T19:44:38","date_gmt":"2021-06-28T22:44:38","guid":{"rendered":"https:\/\/www.ufmg.br\/periodicos\/?p=3878"},"modified":"2021-06-28T19:44:38","modified_gmt":"2021-06-28T22:44:38","slug":"abec-meeting-live-2021-2","status":"publish","type":"post","link":"https:\/\/www.ufmg.br\/periodicos\/abec-meeting-live-2021-2\/","title":{"rendered":"ABEC Meeting Live 2021"},"content":{"rendered":"<p>No per\u00edodo de 21 a 24 de setembro ocorrer\u00e1 o <a href=\"https:\/\/meeting21.abecbrasil.org.br\/\">ABEC Meeting Live 2021.<\/a> Nos dias 14 e 16, ser\u00e3o realizados os dois minicursos: ProCPC Integridade na gest\u00e3o da Ci\u00eancia Aberta e ProCPC Short Course on Publications Ethics.<\/p>\n<p>A <a href=\"https:\/\/meeting21.abecbrasil.org.br\/programacao\/\">programa\u00e7\u00e3o\u00a0<\/a> \u00e9 diversificada e vem ocorrendo desde mar\u00e7o at\u00e9 dezembro.<\/p>\n<p>Est\u00e1 aberta tamb\u00e9m a inscri\u00e7\u00e3o para o <a href=\"https:\/\/meeting21.abecbrasil.org.br\/premio-editor-do-futuro-jurgen-dobereiner-2021\/\">Pr\u00eamio J\u00fcrgen D\u00f6bereiner\u00a0<\/a> que \u00e9 uma oportunidade para doutorandos e rec\u00e9m-doutores, al\u00e9m de ter a participa\u00e7\u00e3o gratuita do evento, tem o acesso ao universo da editora\u00e7\u00e3o cient\u00edfica.<\/p>","protected":false},"excerpt":{"rendered":"<p>No per\u00edodo de 21 a 24 de setembro ocorrer\u00e1 o ABEC Meeting Live 2021. Nos dias 14 e 16, ser\u00e3o realizados os dois minicursos: ProCPC Integridade na gest\u00e3o da Ci\u00eancia Aberta e ProCPC Short Course on Publications Ethics. A programa\u00e7\u00e3o\u00a0 \u00e9 diversificada e vem ocorrendo desde mar\u00e7o at\u00e9 dezembro. Est\u00e1 aberta tamb\u00e9m a inscri\u00e7\u00e3o para [&hellip;]<\/p>\n","protected":false},"author":6,"featured_media":0,"comment_status":"open","ping_status":"open","sticky":false,"template":"","format":"standard","meta":{"footnotes":""},"categories":[3],"tags":[],"class_list":["post-3878","post","type-post","status-publish","format-standard","hentry","category-noticias"],"_links":{"self":[{"href":"https:\/\/www.ufmg.br\/periodicos\/wp-json\/wp\/v2\/posts\/3878","targetHints":{"allow":["GET"]}}],"collection":[{"href":"https:\/\/www.ufmg.br\/periodicos\/wp-json\/wp\/v2\/posts"}],"about":[{"href":"https:\/\/www.ufmg.br\/periodicos\/wp-json\/wp\/v2\/types\/post"}],"author":[{"embeddable":true,"href":"https:\/\/www.ufmg.br\/periodicos\/wp-json\/wp\/v2\/users\/6"}],"replies":[{"embeddable":true,"href":"https:\/\/www.ufmg.br\/periodicos\/wp-json\/wp\/v2\/comments?post=3878"}],"version-history":[{"count":1,"href":"https:\/\/www.ufmg.br\/periodicos\/wp-json\/wp\/v2\/posts\/3878\/revisions"}],"predecessor-version":[{"id":3879,"href":"https:\/\/www.ufmg.br\/periodicos\/wp-json\/wp\/v2\/posts\/3878\/revisions\/3879"}],"wp:attachment":[{"href":"https:\/\/www.ufmg.br\/periodicos\/wp-json\/wp\/v2\/media?parent=3878"}],"wp:term":[{"taxonomy":"category","embeddable":true,"href":"https:\/\/www.ufmg.br\/periodicos\/wp-json\/wp\/v2\/categories?post=3878"},{"taxonomy":"post_tag","embeddable":true,"href":"https:\/\/www.ufmg.br\/periodicos\/wp-json\/wp\/v2\/tags?post=3878"}],"curies":[{"name":"wp","href":"https:\/\/api.w.org\/{rel}","templated":true}]}}