{"id":3949,"date":"2021-08-17T17:36:38","date_gmt":"2021-08-17T20:36:38","guid":{"rendered":"https:\/\/www.ufmg.br\/periodicos\/?p=3949"},"modified":"2021-08-18T06:51:16","modified_gmt":"2021-08-18T09:51:16","slug":"criterios-de-relevancia-para-entrada-e-permanencia-de-periodicos-no-portal-de-periodicos-ufmg","status":"publish","type":"post","link":"https:\/\/www.ufmg.br\/periodicos\/criterios-de-relevancia-para-entrada-e-permanencia-de-periodicos-no-portal-de-periodicos-ufmg\/","title":{"rendered":"Crit\u00e9rios de Relev\u00e2ncia para Entrada e Perman\u00eancia de Peri\u00f3dicos no Portal de Peri\u00f3dicos UFMG"},"content":{"rendered":"<p>Em junho de 2021, o <a href=\"file:\/\/\/C:\/Users\/ccvie\/AppData\/Local\/Temp\/09+rescepe2019-+Comite%CC%82+Gestor+do+Portal+de+Perio%CC%81dicos.pdf\">COGEPPE &#8211; Comit\u00ea Gestor do Portal de Peri\u00f3dicos<\/a> visando atender o art. 3 da <a href=\"file:\/\/\/C:\/Users\/ccvie\/AppData\/Local\/Temp\/08+rescepe2019+-+Poli%CC%81tica+de+Perio%CC%81dicos+Cienti%CC%81ficos.pdf\">Resolu\u00e7\u00e3o 08\/2019 <\/a>\u00a0estabeleceu os <a href=\"https:\/\/drive.google.com\/file\/d\/1qSngvNRDYvJejfrsUhb5O9ZwcEWk_Y9c\/view?usp=sharing\">crit\u00e9rios de relev\u00e2ncia para entrada e perman\u00eancia dos peri\u00f3dicos no Portal de Peri\u00f3dicos UFMG.<\/a><\/p>\n<p>Os crit\u00e9rios de relev\u00e2ncia foram apresentados hoje em reuni\u00e3o com a equipe editorial do Portal de Peri\u00f3dicos UFMG. O slide da reuni\u00e3o est\u00e1 dispon\u00edvel <a href=\"https:\/\/drive.google.com\/file\/d\/1k2upifokc_EUv1lJ0qdoVJga2pBILHfA\/view\">aqui<\/a>.<\/p>\n<p style=\"text-align: center;\"><a href=\"https:\/\/www.ufmg.br\/periodicos\/criterios-de-relevancia-para-entrada-e-permanencia-de-periodicos-no-portal-de-periodicos-ufmg\/postar\/\" rel=\"attachment wp-att-3954\"><img loading=\"lazy\" decoding=\"async\" class=\"alignnone size-medium wp-image-3954\" src=\"https:\/\/www.ufmg.br\/periodicos\/wp-content\/files\/2021\/08\/postar-300x225.jpg\" alt=\"\" width=\"300\" height=\"225\" srcset=\"https:\/\/www.ufmg.br\/periodicos\/wp-content\/files\/2021\/08\/postar-300x225.jpg 300w, https:\/\/www.ufmg.br\/periodicos\/wp-content\/files\/2021\/08\/postar-768x576.jpg 768w, https:\/\/www.ufmg.br\/periodicos\/wp-content\/files\/2021\/08\/postar-1024x768.jpg 1024w\" sizes=\"auto, (max-width: 300px) 100vw, 300px\" \/><\/a><\/p>\n<p>&nbsp;<\/p>\n<p>&nbsp;<\/p>\n<p>&nbsp;<\/p>","protected":false},"excerpt":{"rendered":"<p>Em junho de 2021, o COGEPPE &#8211; Comit\u00ea Gestor do Portal de Peri\u00f3dicos visando atender o art. 3 da Resolu\u00e7\u00e3o 08\/2019 \u00a0estabeleceu os crit\u00e9rios de relev\u00e2ncia para entrada e perman\u00eancia dos peri\u00f3dicos no Portal de Peri\u00f3dicos UFMG. Os crit\u00e9rios de relev\u00e2ncia foram apresentados hoje em reuni\u00e3o com a equipe editorial do Portal de Peri\u00f3dicos UFMG. [&hellip;]<\/p>\n","protected":false},"author":6,"featured_media":0,"comment_status":"open","ping_status":"open","sticky":false,"template":"","format":"standard","meta":{"footnotes":""},"categories":[3],"tags":[],"class_list":["post-3949","post","type-post","status-publish","format-standard","hentry","category-noticias"],"_links":{"self":[{"href":"https:\/\/www.ufmg.br\/periodicos\/wp-json\/wp\/v2\/posts\/3949","targetHints":{"allow":["GET"]}}],"collection":[{"href":"https:\/\/www.ufmg.br\/periodicos\/wp-json\/wp\/v2\/posts"}],"about":[{"href":"https:\/\/www.ufmg.br\/periodicos\/wp-json\/wp\/v2\/types\/post"}],"author":[{"embeddable":true,"href":"https:\/\/www.ufmg.br\/periodicos\/wp-json\/wp\/v2\/users\/6"}],"replies":[{"embeddable":true,"href":"https:\/\/www.ufmg.br\/periodicos\/wp-json\/wp\/v2\/comments?post=3949"}],"version-history":[{"count":12,"href":"https:\/\/www.ufmg.br\/periodicos\/wp-json\/wp\/v2\/posts\/3949\/revisions"}],"predecessor-version":[{"id":3967,"href":"https:\/\/www.ufmg.br\/periodicos\/wp-json\/wp\/v2\/posts\/3949\/revisions\/3967"}],"wp:attachment":[{"href":"https:\/\/www.ufmg.br\/periodicos\/wp-json\/wp\/v2\/media?parent=3949"}],"wp:term":[{"taxonomy":"category","embeddable":true,"href":"https:\/\/www.ufmg.br\/periodicos\/wp-json\/wp\/v2\/categories?post=3949"},{"taxonomy":"post_tag","embeddable":true,"href":"https:\/\/www.ufmg.br\/periodicos\/wp-json\/wp\/v2\/tags?post=3949"}],"curies":[{"name":"wp","href":"https:\/\/api.w.org\/{rel}","templated":true}]}}