{"id":3968,"date":"2021-08-24T19:18:06","date_gmt":"2021-08-24T22:18:06","guid":{"rendered":"https:\/\/www.ufmg.br\/periodicos\/?p=3968"},"modified":"2021-08-24T19:18:07","modified_gmt":"2021-08-24T22:18:07","slug":"abec-meeting-live-2021-3","status":"publish","type":"post","link":"https:\/\/www.ufmg.br\/periodicos\/abec-meeting-live-2021-3\/","title":{"rendered":"ABEC Meeting Live 2021"},"content":{"rendered":"<p>A <span class=\"d2edcug0 hpfvmrgz qv66sw1b c1et5uql lr9zc1uh a8c37x1j keod5gw0 nxhoafnm aigsh9s9 d3f4x2em fe6kdd0r mau55g9w c8b282yb iv3no6db jq4qci2q a3bd9o3v b1v8xokw oo9gr5id\" dir=\"auto\">Associa\u00e7\u00e3o Brasileira de Editores Cient\u00edficos (ABEC) realizar\u00e1 no pr\u00f3ximo m\u00eas, no per\u00edodo de 21 a 24\/09 o ABEC Meeting live 2021. O evento \u00e9 composto de pain\u00e9is e confer\u00eancias.<\/span><\/p>\n<p>A programa\u00e7\u00e3o e a inscri\u00e7\u00e3o est\u00e3o dispon\u00edveis <a href=\"https:\/\/meeting21.abecbrasil.org.br\/programacao\/\">aqui<\/a>.<\/p>\n<p>&nbsp;<\/p>\n<p><a href=\"https:\/\/www.ufmg.br\/periodicos\/abec-meeting-live-2021-3\/abec-2\/\" rel=\"attachment wp-att-3969\"><img loading=\"lazy\" decoding=\"async\" class=\"alignnone size-medium wp-image-3969\" src=\"https:\/\/www.ufmg.br\/periodicos\/wp-content\/files\/2021\/08\/abec-300x252.jpg\" alt=\"\" width=\"300\" height=\"252\" srcset=\"https:\/\/www.ufmg.br\/periodicos\/wp-content\/files\/2021\/08\/abec-300x252.jpg 300w, https:\/\/www.ufmg.br\/periodicos\/wp-content\/files\/2021\/08\/abec-768x645.jpg 768w, https:\/\/www.ufmg.br\/periodicos\/wp-content\/files\/2021\/08\/abec-1024x860.jpg 1024w, https:\/\/www.ufmg.br\/periodicos\/wp-content\/files\/2021\/08\/abec.jpg 1961w\" sizes=\"auto, (max-width: 300px) 100vw, 300px\" \/><\/a><\/p>","protected":false},"excerpt":{"rendered":"<p>A Associa\u00e7\u00e3o Brasileira de Editores Cient\u00edficos (ABEC) realizar\u00e1 no pr\u00f3ximo m\u00eas, no per\u00edodo de 21 a 24\/09 o ABEC Meeting live 2021. O evento \u00e9 composto de pain\u00e9is e confer\u00eancias. A programa\u00e7\u00e3o e a inscri\u00e7\u00e3o est\u00e3o dispon\u00edveis aqui. &nbsp;<\/p>\n","protected":false},"author":6,"featured_media":0,"comment_status":"open","ping_status":"open","sticky":false,"template":"","format":"standard","meta":{"footnotes":""},"categories":[3],"tags":[],"class_list":["post-3968","post","type-post","status-publish","format-standard","hentry","category-noticias"],"_links":{"self":[{"href":"https:\/\/www.ufmg.br\/periodicos\/wp-json\/wp\/v2\/posts\/3968","targetHints":{"allow":["GET"]}}],"collection":[{"href":"https:\/\/www.ufmg.br\/periodicos\/wp-json\/wp\/v2\/posts"}],"about":[{"href":"https:\/\/www.ufmg.br\/periodicos\/wp-json\/wp\/v2\/types\/post"}],"author":[{"embeddable":true,"href":"https:\/\/www.ufmg.br\/periodicos\/wp-json\/wp\/v2\/users\/6"}],"replies":[{"embeddable":true,"href":"https:\/\/www.ufmg.br\/periodicos\/wp-json\/wp\/v2\/comments?post=3968"}],"version-history":[{"count":2,"href":"https:\/\/www.ufmg.br\/periodicos\/wp-json\/wp\/v2\/posts\/3968\/revisions"}],"predecessor-version":[{"id":3971,"href":"https:\/\/www.ufmg.br\/periodicos\/wp-json\/wp\/v2\/posts\/3968\/revisions\/3971"}],"wp:attachment":[{"href":"https:\/\/www.ufmg.br\/periodicos\/wp-json\/wp\/v2\/media?parent=3968"}],"wp:term":[{"taxonomy":"category","embeddable":true,"href":"https:\/\/www.ufmg.br\/periodicos\/wp-json\/wp\/v2\/categories?post=3968"},{"taxonomy":"post_tag","embeddable":true,"href":"https:\/\/www.ufmg.br\/periodicos\/wp-json\/wp\/v2\/tags?post=3968"}],"curies":[{"name":"wp","href":"https:\/\/api.w.org\/{rel}","templated":true}]}}