{"id":3981,"date":"2021-09-14T17:24:40","date_gmt":"2021-09-14T20:24:40","guid":{"rendered":"https:\/\/www.ufmg.br\/periodicos\/?p=3981"},"modified":"2021-09-14T17:54:26","modified_gmt":"2021-09-14T20:54:26","slug":"disposicoes-sobre-o-qualis-periodicos-seus-objetivos-e-finalidade","status":"publish","type":"post","link":"https:\/\/www.ufmg.br\/periodicos\/disposicoes-sobre-o-qualis-periodicos-seus-objetivos-e-finalidade\/","title":{"rendered":"Disposi\u00e7\u00f5es sobre o Qualis Peri\u00f3dicos, seus objetivos e finalidade."},"content":{"rendered":"<p>Foi publicada em 14 de Setembro de 2021 no Di\u00e1rio Oficial da Uni\u00e3o, a Portaria n. 145, de 10 de setembro de 2021 que objetiva consolidar as disposi\u00e7\u00f5es sobre o Qualis Peri\u00f3dicos, seus objetivos e finalidade.<\/p>\n<p>De acordo com o art. 7 desta portaria, s\u00e3o condi\u00e7\u00f5es e requisitos m\u00ednimos para a estratifica\u00e7\u00e3o: &#8221; I. O peri\u00f3dico deve possuir cadastro ativo em algum dos indicadores referidos nesta Portaria;&#8221; e &#8220;II &#8211; o peri\u00f3dico deve comprovar o cumprimento de todas as exig\u00eancias de boas pr\u00e1ticas editoriais, tendo como referencial os crit\u00e9rios dispon\u00edveis na COPE (publicationethics.org) ou nas bases de dados utilizadas pelo Qualis Peri\u00f3dicos, bem como dos crit\u00e9rios j\u00e1 consolidados pelas \u00c1reas para referenciar boas pr\u00e1ticas constantes do Relat\u00f3rio do Qualis Peri\u00f3dicos da respectiva \u00c1rea.&#8221;<\/p>\n<p>Os peri\u00f3dicos ser\u00e3o classificados no estrato de A1 a B4. O conjunto de peri\u00f3dicos ser\u00e1 distribu\u00eddo por meio de percentis.\u00a0 Para ler a portaria na \u00edntegra, clique <a href=\"https:\/\/www.semesp.org.br\/legislacao\/portaria-no-145-de-10-de-setembro-de-2021\/#:~:text=A%20Coordena%C3%A7%C3%A3o%20de%20Aperfei%C3%A7oamento%20de,Peri%C3%B3dicos%2C%20seus%20objetivos%20e%20finalidade.\">aqui<\/a>.<\/p>\n<p>&nbsp;<\/p>","protected":false},"excerpt":{"rendered":"<p>Foi publicada em 14 de Setembro de 2021 no Di\u00e1rio Oficial da Uni\u00e3o, a Portaria n. 145, de 10 de setembro de 2021 que objetiva consolidar as disposi\u00e7\u00f5es sobre o Qualis Peri\u00f3dicos, seus objetivos e finalidade. De acordo com o art. 7 desta portaria, s\u00e3o condi\u00e7\u00f5es e requisitos m\u00ednimos para a estratifica\u00e7\u00e3o: &#8221; I. O [&hellip;]<\/p>\n","protected":false},"author":6,"featured_media":0,"comment_status":"open","ping_status":"open","sticky":false,"template":"","format":"standard","meta":{"footnotes":""},"categories":[3],"tags":[],"class_list":["post-3981","post","type-post","status-publish","format-standard","hentry","category-noticias"],"_links":{"self":[{"href":"https:\/\/www.ufmg.br\/periodicos\/wp-json\/wp\/v2\/posts\/3981","targetHints":{"allow":["GET"]}}],"collection":[{"href":"https:\/\/www.ufmg.br\/periodicos\/wp-json\/wp\/v2\/posts"}],"about":[{"href":"https:\/\/www.ufmg.br\/periodicos\/wp-json\/wp\/v2\/types\/post"}],"author":[{"embeddable":true,"href":"https:\/\/www.ufmg.br\/periodicos\/wp-json\/wp\/v2\/users\/6"}],"replies":[{"embeddable":true,"href":"https:\/\/www.ufmg.br\/periodicos\/wp-json\/wp\/v2\/comments?post=3981"}],"version-history":[{"count":2,"href":"https:\/\/www.ufmg.br\/periodicos\/wp-json\/wp\/v2\/posts\/3981\/revisions"}],"predecessor-version":[{"id":3983,"href":"https:\/\/www.ufmg.br\/periodicos\/wp-json\/wp\/v2\/posts\/3981\/revisions\/3983"}],"wp:attachment":[{"href":"https:\/\/www.ufmg.br\/periodicos\/wp-json\/wp\/v2\/media?parent=3981"}],"wp:term":[{"taxonomy":"category","embeddable":true,"href":"https:\/\/www.ufmg.br\/periodicos\/wp-json\/wp\/v2\/categories?post=3981"},{"taxonomy":"post_tag","embeddable":true,"href":"https:\/\/www.ufmg.br\/periodicos\/wp-json\/wp\/v2\/tags?post=3981"}],"curies":[{"name":"wp","href":"https:\/\/api.w.org\/{rel}","templated":true}]}}