{"id":3992,"date":"2021-09-22T15:31:41","date_gmt":"2021-09-22T18:31:41","guid":{"rendered":"https:\/\/www.ufmg.br\/periodicos\/?p=3992"},"modified":"2021-09-22T15:37:34","modified_gmt":"2021-09-22T18:37:34","slug":"portal-periodicos-ufmg-participa-do-abec-meeting-live-2021","status":"publish","type":"post","link":"https:\/\/www.ufmg.br\/periodicos\/portal-periodicos-ufmg-participa-do-abec-meeting-live-2021\/","title":{"rendered":"Portal Peri\u00f3dicos UFMG participa do ABEC Meeting Live 2021"},"content":{"rendered":"<p>A ABEC (Associa\u00e7\u00e3o Brasileira de Editores Cient\u00edficos) esta promovendo desde o dia 21 de setembro o <a href=\"https:\/\/meeting21.abecbrasil.org.br\/\">ABEC Meeting Live 2021<\/a>. A programa\u00e7\u00e3o \u00e9 composta por pain\u00e9is e confer\u00eancias, al\u00e9m da Sess\u00e3o de Comunica\u00e7\u00e3o Oral.<\/p>\n<p>O Portal de Peri\u00f3dicos apresentou\u00a0 na comunica\u00e7\u00e3o oral o artigo &#8211;<a href=\"https:\/\/ojs.abecbrasil.org.br\/index.php\/abec\/issue\/view\/1\"> Portal de Peri\u00f3dicos UFMG: Pol\u00edtica, Estrutura e Institucionaliza\u00e7\u00e3o<\/a>. O artigo apresenta o processo de institucionaliza\u00e7\u00e3o desde a cria\u00e7\u00e3o do Portal at\u00e9\u00a0 o estabelecimento da pol\u00edtica de\u00a0 peri\u00f3dicos da universidade via resolu\u00e7\u00e3o em 2019.<\/p>\n<p>Os slides do evento est\u00e3o dispon\u00edveis <a href=\"https:\/\/meeting21.abecbrasil.org.br\/programacao\/\">aqui<\/a>.<\/p>\n<p>&nbsp;<\/p>","protected":false},"excerpt":{"rendered":"<p>A ABEC (Associa\u00e7\u00e3o Brasileira de Editores Cient\u00edficos) esta promovendo desde o dia 21 de setembro o ABEC Meeting Live 2021. A programa\u00e7\u00e3o \u00e9 composta por pain\u00e9is e confer\u00eancias, al\u00e9m da Sess\u00e3o de Comunica\u00e7\u00e3o Oral. O Portal de Peri\u00f3dicos apresentou\u00a0 na comunica\u00e7\u00e3o oral o artigo &#8211; Portal de Peri\u00f3dicos UFMG: Pol\u00edtica, Estrutura e Institucionaliza\u00e7\u00e3o. O artigo [&hellip;]<\/p>\n","protected":false},"author":6,"featured_media":0,"comment_status":"open","ping_status":"open","sticky":false,"template":"","format":"standard","meta":{"footnotes":""},"categories":[3],"tags":[],"class_list":["post-3992","post","type-post","status-publish","format-standard","hentry","category-noticias"],"_links":{"self":[{"href":"https:\/\/www.ufmg.br\/periodicos\/wp-json\/wp\/v2\/posts\/3992","targetHints":{"allow":["GET"]}}],"collection":[{"href":"https:\/\/www.ufmg.br\/periodicos\/wp-json\/wp\/v2\/posts"}],"about":[{"href":"https:\/\/www.ufmg.br\/periodicos\/wp-json\/wp\/v2\/types\/post"}],"author":[{"embeddable":true,"href":"https:\/\/www.ufmg.br\/periodicos\/wp-json\/wp\/v2\/users\/6"}],"replies":[{"embeddable":true,"href":"https:\/\/www.ufmg.br\/periodicos\/wp-json\/wp\/v2\/comments?post=3992"}],"version-history":[{"count":2,"href":"https:\/\/www.ufmg.br\/periodicos\/wp-json\/wp\/v2\/posts\/3992\/revisions"}],"predecessor-version":[{"id":3994,"href":"https:\/\/www.ufmg.br\/periodicos\/wp-json\/wp\/v2\/posts\/3992\/revisions\/3994"}],"wp:attachment":[{"href":"https:\/\/www.ufmg.br\/periodicos\/wp-json\/wp\/v2\/media?parent=3992"}],"wp:term":[{"taxonomy":"category","embeddable":true,"href":"https:\/\/www.ufmg.br\/periodicos\/wp-json\/wp\/v2\/categories?post=3992"},{"taxonomy":"post_tag","embeddable":true,"href":"https:\/\/www.ufmg.br\/periodicos\/wp-json\/wp\/v2\/tags?post=3992"}],"curies":[{"name":"wp","href":"https:\/\/api.w.org\/{rel}","templated":true}]}}