{"id":3995,"date":"2021-09-23T10:49:56","date_gmt":"2021-09-23T13:49:56","guid":{"rendered":"https:\/\/www.ufmg.br\/periodicos\/?p=3995"},"modified":"2021-09-23T10:49:56","modified_gmt":"2021-09-23T13:49:56","slug":"sintese-do-primeiro-dia-do-abec-meeting-live-2021","status":"publish","type":"post","link":"https:\/\/www.ufmg.br\/periodicos\/sintese-do-primeiro-dia-do-abec-meeting-live-2021\/","title":{"rendered":"S\u00edntese do Primeiro dia do ABEC Meeting Live 2021"},"content":{"rendered":"<p>O primeiro dia do ABEC Meeting Live 2021 teve como palestra de abertura : <span class=\"event\">Produ\u00e7\u00e3o e impacto da produ\u00e7\u00e3o cient\u00edfica gerada na Am\u00e9rica Latina: o papel do Brasil na regi\u00e3o<\/span> proferida pelo palestrante <a href=\"https:\/\/meeting21.abecbrasil.org.br\/speaker\/atilio-bustos-gonzalez\/\">Atilio Bustos &#8211; Gonz\u00e1lez<\/a> . Foi abordado a contribui\u00e7\u00e3o da Am\u00e9rica Latina para a produ\u00e7\u00e3o cient\u00edfica, alguns indicadores da qualidade da ci\u00eancia, as revistas cient\u00edficas com visibilidade internacional editadas na Am\u00e9rica Latina e os desafios.\u00a0 Como desafios o palestrante destaca:\u00a0 o realismo cient\u00edficos no Brasil, as pol\u00edticas p\u00fablicas estimula as melhores pr\u00e1ticas? O desafio da internacionalidade,\u00a0 do p\u00fablico alvo,\u00a0 da relev\u00e2ncia e integridade cient\u00edfica em escala global. O Slide da apresenta\u00e7\u00e3o est\u00e1 dispon\u00edvel <a href=\"https:\/\/www.abecbrasil.org.br\/eventos\/meeting_2021\/terca\/Palestra1_Atilio.pdf\">aqui<\/a>.<\/p>\n<p>O primeiro painel abordou a tem\u00e1tica: Diversidade, equidade e inclus\u00e3o na ci\u00eancia. A primeira palestra proferida pela palestrante <a href=\"https:\/\/meeting21.abecbrasil.org.br\/speaker\/leila-garcia\/\">Leila Garcia<\/a> apresentou a equidade de sexo e g\u00eanero na pesquisa cient\u00edfica. Foi apresentado o impacto da Covid-19 na produ\u00e7\u00e3o acad\u00eamica por g\u00eanero e o slide est\u00e1 dispon\u00edvel <a href=\"https:\/\/www.abecbrasil.org.br\/eventos\/meeting_2021\/terca\/Painel1_Leila_Posenato_Garcia.pdf\">aqui<\/a>. A segunda palestra foi apresentada por Sowmya Swaminathan que falou sobre a perspectiva de um editor trabalhando em prol da diversidade, equidade e inclus\u00e3o. O slide da palestra est\u00e1 dispon\u00edvel <a href=\"https:\/\/www.abecbrasil.org.br\/eventos\/meeting_2021\/terca\/Painel1_Sowmya_Swaminathan.pdf\">aqui<\/a>. E a \u00faltima palestra deste primeiro painel foi da <a href=\"https:\/\/meeting21.abecbrasil.org.br\/speaker\/joan-marsh\/\">Dra.\u00a0Joan Marsh<\/a> que trabalhou a contribui\u00e7\u00e3o de um jornal para a igualdade de g\u00eanero e ra\u00e7a e o slide pode ser visto <a href=\"https:\/\/www.abecbrasil.org.br\/eventos\/meeting_2021\/terca\/Painel1_Joan_Marsh.pdf\">aqui<\/a>.<\/p>\n<p>O segundo painel tratou da Divulga\u00e7\u00e3o da ci\u00eancia e contou com a palestra de <a href=\"https:\/\/meeting21.abecbrasil.org.br\/speaker\/sabine-righetti\/\">Sabine Righetti<\/a> sobre o papel da Ag\u00eancia Bori na divulga\u00e7\u00e3o da ci\u00eancia produzida no Brasil, a segunda fala foi do <a href=\"https:\/\/meeting21.abecbrasil.org.br\/speaker\/fabricio-marques\/\">Fabr\u00edcio Marques<\/a> que abordou o aprendizado da revista Pesquisa <span class=\"event-desc\">FAPESP na divulga\u00e7\u00e3o cient\u00edfica, o slide da palestra est\u00e1 dispon\u00edvel <a href=\"https:\/\/www.abecbrasil.org.br\/eventos\/meeting_2021\/terca\/Painel2_Fabricio_Marques.pdf\">aqui<\/a> e a \u00faltima palestra foi da <a href=\"https:\/\/meeting21.abecbrasil.org.br\/speaker\/carla-pavanelli\/\">Carla Pavanelli<\/a> que apresentou o impacto da divulga\u00e7\u00e3o dos artigos da Neotropical Ichthyology em redes sociais e o slide pode ser visto <a href=\"https:\/\/www.abecbrasil.org.br\/eventos\/meeting_2021\/terca\/Painel2_Carla_Pavanelli.pdf\">aqui<\/a>.<\/span><\/p>\n<p>&nbsp;<\/p>\n<p>&nbsp;<\/p>\n<p>&nbsp;<\/p>\n<pre id=\"tw-target-text\" class=\"tw-data-text tw-text-large XcVN5d tw-ta\" dir=\"ltr\" data-placeholder=\"Tradu\u00e7\u00e3o\"><\/pre>\n<p>&nbsp;<\/p>\n<pre id=\"tw-target-text\" class=\"tw-data-text tw-text-large XcVN5d tw-ta\" dir=\"ltr\" data-placeholder=\"Tradu\u00e7\u00e3o\"><\/pre>\n<p><\/p>","protected":false},"excerpt":{"rendered":"<p>O primeiro dia do ABEC Meeting Live 2021 teve como palestra de abertura : Produ\u00e7\u00e3o e impacto da produ\u00e7\u00e3o cient\u00edfica gerada na Am\u00e9rica Latina: o papel do Brasil na regi\u00e3o proferida pelo palestrante Atilio Bustos &#8211; Gonz\u00e1lez . Foi abordado a contribui\u00e7\u00e3o da Am\u00e9rica Latina para a produ\u00e7\u00e3o cient\u00edfica, alguns indicadores da qualidade da ci\u00eancia, [&hellip;]<\/p>\n","protected":false},"author":6,"featured_media":0,"comment_status":"open","ping_status":"open","sticky":false,"template":"","format":"standard","meta":{"footnotes":""},"categories":[3],"tags":[],"class_list":["post-3995","post","type-post","status-publish","format-standard","hentry","category-noticias"],"_links":{"self":[{"href":"https:\/\/www.ufmg.br\/periodicos\/wp-json\/wp\/v2\/posts\/3995","targetHints":{"allow":["GET"]}}],"collection":[{"href":"https:\/\/www.ufmg.br\/periodicos\/wp-json\/wp\/v2\/posts"}],"about":[{"href":"https:\/\/www.ufmg.br\/periodicos\/wp-json\/wp\/v2\/types\/post"}],"author":[{"embeddable":true,"href":"https:\/\/www.ufmg.br\/periodicos\/wp-json\/wp\/v2\/users\/6"}],"replies":[{"embeddable":true,"href":"https:\/\/www.ufmg.br\/periodicos\/wp-json\/wp\/v2\/comments?post=3995"}],"version-history":[{"count":4,"href":"https:\/\/www.ufmg.br\/periodicos\/wp-json\/wp\/v2\/posts\/3995\/revisions"}],"predecessor-version":[{"id":3999,"href":"https:\/\/www.ufmg.br\/periodicos\/wp-json\/wp\/v2\/posts\/3995\/revisions\/3999"}],"wp:attachment":[{"href":"https:\/\/www.ufmg.br\/periodicos\/wp-json\/wp\/v2\/media?parent=3995"}],"wp:term":[{"taxonomy":"category","embeddable":true,"href":"https:\/\/www.ufmg.br\/periodicos\/wp-json\/wp\/v2\/categories?post=3995"},{"taxonomy":"post_tag","embeddable":true,"href":"https:\/\/www.ufmg.br\/periodicos\/wp-json\/wp\/v2\/tags?post=3995"}],"curies":[{"name":"wp","href":"https:\/\/api.w.org\/{rel}","templated":true}]}}