{"id":4038,"date":"2021-11-18T08:57:20","date_gmt":"2021-11-18T11:57:20","guid":{"rendered":"https:\/\/www.ufmg.br\/periodicos\/?p=4038"},"modified":"2021-11-18T08:57:20","modified_gmt":"2021-11-18T11:57:20","slug":"comunicacao-cientifica-aberta-e-os-estudos-de-midias-sociais-da-ciencia","status":"publish","type":"post","link":"https:\/\/www.ufmg.br\/periodicos\/comunicacao-cientifica-aberta-e-os-estudos-de-midias-sociais-da-ciencia\/","title":{"rendered":"Comunica\u00e7\u00e3o Cient\u00edfica aberta e os estudos de m\u00eddias sociais da ci\u00eancia"},"content":{"rendered":"<p>Na pr\u00f3xima semana teremos o VI Ciclo de Forma\u00e7\u00e3o de Editores.O ciclo \u00e9 uma a\u00e7\u00e3o de capacita\u00e7\u00e3o que ocorre desde a cria\u00e7\u00e3o do Portal de Peri\u00f3dicos com o objetivo de apresentar tem\u00e1ticas atuais aos editores cient\u00edficos da UFMG e demais interessados. Este ano \u00e9 a segunda vers\u00e3o online devido a pandemia do covid-19.<\/p>\n<p>O primeiro dia, teremos ap\u00f3s a abertura a palestra do Prof. Ronaldo Ara\u00fajo (UFAL) que abordar\u00e1 a Comunica\u00e7\u00e3o Cient\u00edfica aberta e os estudos de m\u00eddias sociais da ci\u00eancia. O evento ser\u00e1 transmitido <a href=\"https:\/\/www.youtube.com\/channel\/UCcsdiwcTvnguttpfxW69p8g\">aqui<\/a>.<\/p>\n<p><a href=\"https:\/\/www.ufmg.br\/periodicos\/comunicacao-cientifica-aberta-e-os-estudos-de-midias-sociais-da-ciencia\/fotoatual\/\" rel=\"attachment wp-att-4040\"><img loading=\"lazy\" decoding=\"async\" class=\"size-medium wp-image-4040 aligncenter\" src=\"https:\/\/www.ufmg.br\/periodicos\/wp-content\/files\/2021\/11\/fotoatual-195x300.jpeg\" alt=\"\" width=\"195\" height=\"300\" srcset=\"https:\/\/www.ufmg.br\/periodicos\/wp-content\/files\/2021\/11\/fotoatual-195x300.jpeg 195w, https:\/\/www.ufmg.br\/periodicos\/wp-content\/files\/2021\/11\/fotoatual-665x1024.jpeg 665w, https:\/\/www.ufmg.br\/periodicos\/wp-content\/files\/2021\/11\/fotoatual.jpeg 720w\" sizes=\"auto, (max-width: 195px) 100vw, 195px\" \/><\/a><\/p>","protected":false},"excerpt":{"rendered":"<p>Na pr\u00f3xima semana teremos o VI Ciclo de Forma\u00e7\u00e3o de Editores.O ciclo \u00e9 uma a\u00e7\u00e3o de capacita\u00e7\u00e3o que ocorre desde a cria\u00e7\u00e3o do Portal de Peri\u00f3dicos com o objetivo de apresentar tem\u00e1ticas atuais aos editores cient\u00edficos da UFMG e demais interessados. Este ano \u00e9 a segunda vers\u00e3o online devido a pandemia do covid-19. O primeiro [&hellip;]<\/p>\n","protected":false},"author":6,"featured_media":0,"comment_status":"open","ping_status":"open","sticky":false,"template":"","format":"standard","meta":{"footnotes":""},"categories":[3],"tags":[],"class_list":["post-4038","post","type-post","status-publish","format-standard","hentry","category-noticias"],"_links":{"self":[{"href":"https:\/\/www.ufmg.br\/periodicos\/wp-json\/wp\/v2\/posts\/4038","targetHints":{"allow":["GET"]}}],"collection":[{"href":"https:\/\/www.ufmg.br\/periodicos\/wp-json\/wp\/v2\/posts"}],"about":[{"href":"https:\/\/www.ufmg.br\/periodicos\/wp-json\/wp\/v2\/types\/post"}],"author":[{"embeddable":true,"href":"https:\/\/www.ufmg.br\/periodicos\/wp-json\/wp\/v2\/users\/6"}],"replies":[{"embeddable":true,"href":"https:\/\/www.ufmg.br\/periodicos\/wp-json\/wp\/v2\/comments?post=4038"}],"version-history":[{"count":3,"href":"https:\/\/www.ufmg.br\/periodicos\/wp-json\/wp\/v2\/posts\/4038\/revisions"}],"predecessor-version":[{"id":4042,"href":"https:\/\/www.ufmg.br\/periodicos\/wp-json\/wp\/v2\/posts\/4038\/revisions\/4042"}],"wp:attachment":[{"href":"https:\/\/www.ufmg.br\/periodicos\/wp-json\/wp\/v2\/media?parent=4038"}],"wp:term":[{"taxonomy":"category","embeddable":true,"href":"https:\/\/www.ufmg.br\/periodicos\/wp-json\/wp\/v2\/categories?post=4038"},{"taxonomy":"post_tag","embeddable":true,"href":"https:\/\/www.ufmg.br\/periodicos\/wp-json\/wp\/v2\/tags?post=4038"}],"curies":[{"name":"wp","href":"https:\/\/api.w.org\/{rel}","templated":true}]}}