{"id":4072,"date":"2021-11-24T20:59:11","date_gmt":"2021-11-24T23:59:11","guid":{"rendered":"https:\/\/www.ufmg.br\/periodicos\/?p=4072"},"modified":"2021-11-24T21:00:29","modified_gmt":"2021-11-25T00:00:29","slug":"2-dia-do-vi-ciclo-de-formacao-de-editores","status":"publish","type":"post","link":"https:\/\/www.ufmg.br\/periodicos\/2-dia-do-vi-ciclo-de-formacao-de-editores\/","title":{"rendered":"2. Dia do VI Ciclo de Forma\u00e7\u00e3o de Editores da UFMG"},"content":{"rendered":"<p>Encerramos o VI Ciclo de Forma\u00e7\u00e3o de Editores com a Roda de Conversa sobre Boas Pr\u00e1ticas Editoriais mediado pelo bibliotec\u00e1rio do Portal, Bruno Oliveira.<\/p>\n<p>&nbsp;<\/p>\n<p><a href=\"https:\/\/www.ufmg.br\/periodicos\/2-dia-do-vi-ciclo-de-formacao-de-editores\/1-4\/\" rel=\"attachment wp-att-4076\"><img loading=\"lazy\" decoding=\"async\" class=\"size-medium wp-image-4076 aligncenter\" src=\"https:\/\/www.ufmg.br\/periodicos\/wp-content\/files\/2021\/11\/1-300x225.jpeg\" alt=\"\" width=\"300\" height=\"225\" srcset=\"https:\/\/www.ufmg.br\/periodicos\/wp-content\/files\/2021\/11\/1-300x225.jpeg 300w, https:\/\/www.ufmg.br\/periodicos\/wp-content\/files\/2021\/11\/1-768x576.jpeg 768w, https:\/\/www.ufmg.br\/periodicos\/wp-content\/files\/2021\/11\/1-1024x768.jpeg 1024w, https:\/\/www.ufmg.br\/periodicos\/wp-content\/files\/2021\/11\/1.jpeg 1032w\" sizes=\"auto, (max-width: 300px) 100vw, 300px\" \/><\/a><\/p>\n<p>A primeira revista a compartilhar suas pr\u00e1ticas foi a <a href=\"https:\/\/periodicos.ufmg.br\/index.php\/rdes\">Revista Doc\u00eancia do Ensino Superior<\/a> (RDES) com a fala da Isabela Cristina Passos e Possas, Editora Adjunta, apresentou os itens: processo editorial, o processo formativo dos estudantes de gradua\u00e7\u00e3o e p\u00f3s que apoiam a revista, avalia\u00e7\u00e3o do trabalho e plano de evolu\u00e7\u00e3o, base de contatos, parecerista e regimento do peri\u00f3dico.<\/p>\n<p>Depois tivemos a <a href=\"https:\/\/periodicos.ufmg.br\/index.php\/revice\">Revista de Ci\u00eancia do Estado<\/a> (REVICE) com a apresenta\u00e7\u00e3o da Vict\u00f3ria Nicolielo Reginatto, Editora-chefe, compartilhou a experi\u00eancia dos alunos de gradua\u00e7\u00e3o no processo editorial, evidenciando as boas pr\u00e1ticas no que tange a organiza\u00e7\u00e3o da equipe editorial, a divulga\u00e7\u00e3o e as redes sociais e a parceria com outros projetos da gradua\u00e7\u00e3o.<\/p>\n<p>Na sequ\u00eancia, a editora-chefe e Profa. Suzana dos Santos Gomes (<a href=\"https:\/\/periodicos.ufmg.br\/index.php\/edrevista\">Educa\u00e7\u00e3o em Revista<\/a>),\u00a0 apresentou as pr\u00e1ticas atuais da revista para a Ci\u00eancia Aberta e seus desafios. Ela pontuou que desde fevereiro\/2021 os manuscritos da Educa\u00e7\u00e3o em Revista s\u00e3o depositados previamente no servidor<a href=\"https:\/\/preprints.scielo.org\/index.php\/scielo\"> SciELO Preprints.<\/a> E fechando as apresenta\u00e7\u00f5es, os Professore, Edite Rocha (ex editora-chefe ) e Fernando Chaib (editor-chefe) mostram o contexto hist\u00f3rico da <a href=\"https:\/\/periodicos.ufmg.br\/index.php\/permusi\">Per Musi,<\/a> sua visibilidade, desafios e boas pr\u00e1ticas.<\/p>\n<p>O <a href=\"https:\/\/www.ufmg.br\/periodicos\/eventos-e-cursos\/\">Ciclo de Forma\u00e7\u00e3o<\/a> \u00e9 uma a\u00e7\u00e3o de capacita\u00e7\u00e3o organizada pelo Portal de Peri\u00f3dicos UFMG desde 2016 e poder\u00e1 ser revisto em <a href=\"https:\/\/www.youtube.com\/channel\/UCcsdiwcTvnguttpfxW69p8g\">nosso canal<\/a>.<\/p>\n<p>Revista Doc\u00eancia do Ensino Superior<\/p>\n<p><a href=\"https:\/\/www.ufmg.br\/periodicos\/2-dia-do-vi-ciclo-de-formacao-de-editores\/rdes-2\/\" rel=\"attachment wp-att-4077\"><img loading=\"lazy\" decoding=\"async\" class=\"alignnone size-medium wp-image-4077\" src=\"https:\/\/www.ufmg.br\/periodicos\/wp-content\/files\/2021\/11\/rdes-300x225.jpeg\" alt=\"\" width=\"300\" height=\"225\" srcset=\"https:\/\/www.ufmg.br\/periodicos\/wp-content\/files\/2021\/11\/rdes-300x225.jpeg 300w, https:\/\/www.ufmg.br\/periodicos\/wp-content\/files\/2021\/11\/rdes-768x576.jpeg 768w, https:\/\/www.ufmg.br\/periodicos\/wp-content\/files\/2021\/11\/rdes-1024x768.jpeg 1024w, https:\/\/www.ufmg.br\/periodicos\/wp-content\/files\/2021\/11\/rdes.jpeg 1032w\" sizes=\"auto, (max-width: 300px) 100vw, 300px\" \/><\/a><\/p>\n<p>Revista Ci\u00eancia do Estado<\/p>\n<p><a href=\"https:\/\/www.ufmg.br\/periodicos\/2-dia-do-vi-ciclo-de-formacao-de-editores\/revice-2\/\" rel=\"attachment wp-att-4078\"><img loading=\"lazy\" decoding=\"async\" class=\"alignnone size-medium wp-image-4078\" src=\"https:\/\/www.ufmg.br\/periodicos\/wp-content\/files\/2021\/11\/revice-300x225.jpeg\" alt=\"\" width=\"300\" height=\"225\" srcset=\"https:\/\/www.ufmg.br\/periodicos\/wp-content\/files\/2021\/11\/revice-300x225.jpeg 300w, https:\/\/www.ufmg.br\/periodicos\/wp-content\/files\/2021\/11\/revice-768x576.jpeg 768w, https:\/\/www.ufmg.br\/periodicos\/wp-content\/files\/2021\/11\/revice-1024x768.jpeg 1024w, https:\/\/www.ufmg.br\/periodicos\/wp-content\/files\/2021\/11\/revice.jpeg 1032w\" sizes=\"auto, (max-width: 300px) 100vw, 300px\" \/><\/a><\/p>\n<p>Educa\u00e7\u00e3o em Revista<\/p>\n<p><a href=\"https:\/\/www.ufmg.br\/periodicos\/2-dia-do-vi-ciclo-de-formacao-de-editores\/educacaemrevista\/\" rel=\"attachment wp-att-4079\"><img loading=\"lazy\" decoding=\"async\" class=\"alignnone size-medium wp-image-4079\" src=\"https:\/\/www.ufmg.br\/periodicos\/wp-content\/files\/2021\/11\/educacaemrevista-300x225.jpeg\" alt=\"\" width=\"300\" height=\"225\" srcset=\"https:\/\/www.ufmg.br\/periodicos\/wp-content\/files\/2021\/11\/educacaemrevista-300x225.jpeg 300w, https:\/\/www.ufmg.br\/periodicos\/wp-content\/files\/2021\/11\/educacaemrevista-768x576.jpeg 768w, https:\/\/www.ufmg.br\/periodicos\/wp-content\/files\/2021\/11\/educacaemrevista-1024x768.jpeg 1024w, https:\/\/www.ufmg.br\/periodicos\/wp-content\/files\/2021\/11\/educacaemrevista.jpeg 1032w\" sizes=\"auto, (max-width: 300px) 100vw, 300px\" \/><\/a><\/p>\n<p>Per Musi<\/p>\n<p><a href=\"https:\/\/www.ufmg.br\/periodicos\/2-dia-do-vi-ciclo-de-formacao-de-editores\/permusi\/\" rel=\"attachment wp-att-4080\"><img loading=\"lazy\" decoding=\"async\" class=\"alignnone size-medium wp-image-4080\" src=\"https:\/\/www.ufmg.br\/periodicos\/wp-content\/files\/2021\/11\/permusi-300x225.jpeg\" alt=\"\" width=\"300\" height=\"225\" srcset=\"https:\/\/www.ufmg.br\/periodicos\/wp-content\/files\/2021\/11\/permusi-300x225.jpeg 300w, https:\/\/www.ufmg.br\/periodicos\/wp-content\/files\/2021\/11\/permusi-768x576.jpeg 768w, https:\/\/www.ufmg.br\/periodicos\/wp-content\/files\/2021\/11\/permusi-1024x768.jpeg 1024w, https:\/\/www.ufmg.br\/periodicos\/wp-content\/files\/2021\/11\/permusi.jpeg 1032w\" sizes=\"auto, (max-width: 300px) 100vw, 300px\" \/><\/a><\/p>\n<p>&nbsp;<\/p>","protected":false},"excerpt":{"rendered":"<p>Encerramos o VI Ciclo de Forma\u00e7\u00e3o de Editores com a Roda de Conversa sobre Boas Pr\u00e1ticas Editoriais mediado pelo bibliotec\u00e1rio do Portal, Bruno Oliveira. &nbsp; A primeira revista a compartilhar suas pr\u00e1ticas foi a Revista Doc\u00eancia do Ensino Superior (RDES) com a fala da Isabela Cristina Passos e Possas, Editora Adjunta, apresentou os itens: processo [&hellip;]<\/p>\n","protected":false},"author":6,"featured_media":0,"comment_status":"open","ping_status":"open","sticky":false,"template":"","format":"standard","meta":{"footnotes":""},"categories":[3],"tags":[],"class_list":["post-4072","post","type-post","status-publish","format-standard","hentry","category-noticias"],"_links":{"self":[{"href":"https:\/\/www.ufmg.br\/periodicos\/wp-json\/wp\/v2\/posts\/4072","targetHints":{"allow":["GET"]}}],"collection":[{"href":"https:\/\/www.ufmg.br\/periodicos\/wp-json\/wp\/v2\/posts"}],"about":[{"href":"https:\/\/www.ufmg.br\/periodicos\/wp-json\/wp\/v2\/types\/post"}],"author":[{"embeddable":true,"href":"https:\/\/www.ufmg.br\/periodicos\/wp-json\/wp\/v2\/users\/6"}],"replies":[{"embeddable":true,"href":"https:\/\/www.ufmg.br\/periodicos\/wp-json\/wp\/v2\/comments?post=4072"}],"version-history":[{"count":6,"href":"https:\/\/www.ufmg.br\/periodicos\/wp-json\/wp\/v2\/posts\/4072\/revisions"}],"predecessor-version":[{"id":4083,"href":"https:\/\/www.ufmg.br\/periodicos\/wp-json\/wp\/v2\/posts\/4072\/revisions\/4083"}],"wp:attachment":[{"href":"https:\/\/www.ufmg.br\/periodicos\/wp-json\/wp\/v2\/media?parent=4072"}],"wp:term":[{"taxonomy":"category","embeddable":true,"href":"https:\/\/www.ufmg.br\/periodicos\/wp-json\/wp\/v2\/categories?post=4072"},{"taxonomy":"post_tag","embeddable":true,"href":"https:\/\/www.ufmg.br\/periodicos\/wp-json\/wp\/v2\/tags?post=4072"}],"curies":[{"name":"wp","href":"https:\/\/api.w.org\/{rel}","templated":true}]}}