{"id":4099,"date":"2021-12-29T19:36:42","date_gmt":"2021-12-29T21:36:42","guid":{"rendered":"https:\/\/www.ufmg.br\/periodicos\/?p=4099"},"modified":"2021-12-27T11:41:59","modified_gmt":"2021-12-27T13:41:59","slug":"retrospectiva-portal-de-periodicos-2021","status":"publish","type":"post","link":"https:\/\/www.ufmg.br\/periodicos\/retrospectiva-portal-de-periodicos-2021\/","title":{"rendered":"Retrospectiva Portal de Peri\u00f3dicos 2021"},"content":{"rendered":"<p><\/p>\n<p style=\"text-align: center;\"><strong>Retrospectiva Portal de Peri\u00f3dicos 2021<\/strong><\/p>\n<p><strong>\u00a0<\/strong><\/p>\n<p><strong>Em janeiro de 2021 a Pr\u00f3-Reitoria de Pesquisa (PRPq) adquiriu o s<em>ofware<\/em> antipl\u00e1gio <em>CheckForPlagiarism e 18 revistas solicitaram o <\/em>acesso:<\/strong><\/p>\n<ol>\n<li><a href=\"https:\/\/periodicos.ufmg.br\/index.php\/trabedu\/index\"><strong>Trabalho &amp; Educa\u00e7\u00e3o<\/strong><\/a><\/li>\n<li><a href=\"https:\/\/www.eba.ufmg.br\/revistapos\/index.php\/pos\"><strong>P\u00d3S: Revista do Programa de P\u00f3s-Gradua\u00e7\u00e3o em Artes<\/strong><\/a><\/li>\n<li><a href=\"https:\/\/periodicos.ufmg.br\/index.php\/arquivosemodontologia\"><strong>Arquivos em Odontologia<\/strong><\/a><\/li>\n<li><a href=\"https:\/\/periodicos.ufmg.br\/index.php\/rdes\"><strong>Revista Doc\u00eancia do Ensino Superior<\/strong><\/a><\/li>\n<li><a href=\"https:\/\/periodicos.ufmg.br\/index.php\/vestigios\"><strong>Vest\u00edgios &#8211; Revista latino-americana de Arqueologia Hist\u00f3rica<\/strong><\/a><\/li>\n<li><a href=\"https:\/\/periodicos.ufmg.br\/index.php\/geografias\"><strong>Revista Geografias<\/strong><\/a><\/li>\n<li><a href=\"https:\/\/periodicos.ufmg.br\/index.php\/memorandum\"><strong>Memorandum: Mem\u00f3ria e Hist\u00f3ria em Psicologia<\/strong><\/a><\/li>\n<li><a href=\"https:\/\/periodicos.ufmg.br\/index.php\/ccaufmg\"><strong>Caderno de Ci\u00eancias Agr\u00e1rias<\/strong><\/a><\/li>\n<li><a href=\"https:\/\/periodicos.ufmg.br\/index.php\/revistainterfaces\">Interfaces: Revista de Extens\u00e3o da UFMG<\/a><\/li>\n<li><a href=\"https:\/\/periodicos.ufmg.br\/index.php\/revistadaufmg\"><strong>Revista da UFMG<\/strong><\/a><\/li>\n<li><a href=\"http:\/\/www.periodicos.letras.ufmg.br\/\"><strong>Portal de Peri\u00f3dicos da Faculdade de Letras<\/strong><\/a><\/li>\n<li><a href=\"https:\/\/periodicos.ufmg.br\/index.php\/temporalidades\"><strong>Temporalidades<\/strong><\/a><\/li>\n<li><a href=\"https:\/\/periodicos.ufmg.br\/index.php\/kriterion\"><strong>Kriterion<\/strong><\/a><\/li>\n<li><a href=\"https:\/\/periodicos.ufmg.br\/index.php\/pci\"><strong>Perspectiva em Ci\u00eancia da Informa\u00e7\u00e3o<\/strong><\/a><\/li>\n<li><a href=\"https:\/\/periodicos.ufmg.br\/index.php\/moci\"><strong>Multiplos Olhares em Ci\u00eancia da Informa\u00e7\u00e3o<\/strong><\/a><\/li>\n<li><a href=\"https:\/\/periodicos.ufmg.br\/index.php\/edrevista\"><strong>Educa\u00e7\u00e3o em Revista<\/strong><\/a><\/li>\n<li><a href=\"https:\/\/periodicos.ufmg.br\/index.php\/permusi\/index\"><strong>Per Musi<\/strong><\/a><\/li>\n<li><a href=\"https:\/\/periodicos.ufmg.br\/index.php\/revice\/index\"><strong>Revice<\/strong><\/a><\/li>\n<\/ol>\n<p>A atribui\u00e7\u00e3o do DOI e confer\u00eancia de metadados foi realizado para os peri\u00f3dicos que pleitearam e atenderam os requisitos do <a href=\"https:\/\/www.ufmg.br\/prpq\/editais\/\">Edital 06\/2020<\/a>: 22 revistas e foram atribu\u00eddos 822 DOI.<\/p>\n<p>Estabeleceu-se neste ano, via COGEPPE \u2013 Comit\u00ea Gestor do Portal de Peri\u00f3dicos, tendo por objetivo atender o art. 3 da resolu\u00e7\u00e3o 08\/2019 os <a href=\"https:\/\/www.ufmg.br\/periodicos\/criterios-de-relevancia-para-entrada-e-permanencia-de-periodicos-no-portal-de-periodicos-ufmg\/\">crit\u00e9rios de relev\u00e2ncia para entrada e perman\u00eancia de peri\u00f3dicos no Portal de Peri\u00f3dicos UFMG.<\/a><\/p>\n<p>Organizamos e mediamos o <a href=\"https:\/\/www.youtube.com\/channel\/UCcsdiwcTvnguttpfxW69p8g\">VI Ciclo de Forma\u00e7\u00e3o de Editores<\/a> com a palestra do Dr. Ronaldo Ara\u00fajo (UFAL) &#8211; \u201cComunica\u00e7\u00e3o Cient\u00edfica aberta e os estudos de m\u00eddias sociais da ci\u00eancia\u201d e uma Roda de conversa sobre Boas Pr\u00e1ticas Editoriais com representantes das seguintes revistas: Revista Doc\u00eancia do Ensino Superior, Revista Ci\u00eancias do Estado, Educa\u00e7\u00e3o em Revista e Per Musi.<\/p>\n<p>Participamos do I F\u00f3rum de Editores de Peri\u00f3dicos da UFSC e UDESC com a palestra: <a href=\"https:\/\/www.youtube.com\/watch?v=HzhgFVX8Sdw&amp;t=8s\">Fatores de qualidade para um peri\u00f3dico cient\u00edfico<\/a>.<\/p>\n<p>Como capacita\u00e7\u00e3o, participamos do ABEC Meeting no per\u00edodo de 21 a 24 de setembro de 2021 e no SNBU (Semin\u00e1rio Nacional de Bibliotecas Universit\u00e1rias) no per\u00edodo de 7 a 10 de Dezembro de 2021 .<\/p>\n<p>Publicamos o artigo: <a href=\"https:\/\/ojs.abecbrasil.org.br\/index.php\/abec\/article\/view\/31\">Portal de Peri\u00f3dicos da UFMG: Pol\u00edtico, Estrutura e\u00a0 Institucionaliza\u00e7\u00e3o<\/a>.<\/p>\n<p>Esperamos que em 2022 possamos contribuir mais ainda mais para a qualidade das publica\u00e7\u00f5es peri\u00f3dicas e desejamos a todos um feliz ano novo!<\/p>\n<p><strong>\u00a0<\/strong><\/p>\n<p><strong>\u00a0<\/strong><\/p>\n<p><strong>\u00a0<a href=\"https:\/\/www.ufmg.br\/periodicos\/retrospectiva-portal-de-periodicos-2021\/ano-novo\/\" rel=\"attachment wp-att-4102\"><img loading=\"lazy\" decoding=\"async\" class=\"size-medium wp-image-4102 aligncenter\" src=\"https:\/\/www.ufmg.br\/periodicos\/wp-content\/files\/2021\/12\/Ano-Novo-300x300.png\" alt=\"\" width=\"300\" height=\"300\" srcset=\"https:\/\/www.ufmg.br\/periodicos\/wp-content\/files\/2021\/12\/Ano-Novo-300x300.png 300w, https:\/\/www.ufmg.br\/periodicos\/wp-content\/files\/2021\/12\/Ano-Novo-150x150.png 150w, https:\/\/www.ufmg.br\/periodicos\/wp-content\/files\/2021\/12\/Ano-Novo-768x768.png 768w, https:\/\/www.ufmg.br\/periodicos\/wp-content\/files\/2021\/12\/Ano-Novo-1024x1024.png 1024w, https:\/\/www.ufmg.br\/periodicos\/wp-content\/files\/2021\/12\/Ano-Novo.png 1080w\" sizes=\"auto, (max-width: 300px) 100vw, 300px\" \/><\/a><\/strong><\/p>\n<p><strong>\u00a0<\/strong><\/p>\n<p>&nbsp;<\/p>","protected":false},"excerpt":{"rendered":"<p>Retrospectiva Portal de Peri\u00f3dicos 2021 \u00a0 Em janeiro de 2021 a Pr\u00f3-Reitoria de Pesquisa (PRPq) adquiriu o sofware antipl\u00e1gio CheckForPlagiarism e 18 revistas solicitaram o acesso: Trabalho &amp; Educa\u00e7\u00e3o P\u00d3S: Revista do Programa de P\u00f3s-Gradua\u00e7\u00e3o em Artes Arquivos em Odontologia Revista Doc\u00eancia do Ensino Superior Vest\u00edgios &#8211; Revista latino-americana de Arqueologia Hist\u00f3rica Revista Geografias Memorandum: [&hellip;]<\/p>\n","protected":false},"author":6,"featured_media":0,"comment_status":"open","ping_status":"open","sticky":false,"template":"","format":"standard","meta":{"footnotes":""},"categories":[3],"tags":[],"class_list":["post-4099","post","type-post","status-publish","format-standard","hentry","category-noticias"],"_links":{"self":[{"href":"https:\/\/www.ufmg.br\/periodicos\/wp-json\/wp\/v2\/posts\/4099","targetHints":{"allow":["GET"]}}],"collection":[{"href":"https:\/\/www.ufmg.br\/periodicos\/wp-json\/wp\/v2\/posts"}],"about":[{"href":"https:\/\/www.ufmg.br\/periodicos\/wp-json\/wp\/v2\/types\/post"}],"author":[{"embeddable":true,"href":"https:\/\/www.ufmg.br\/periodicos\/wp-json\/wp\/v2\/users\/6"}],"replies":[{"embeddable":true,"href":"https:\/\/www.ufmg.br\/periodicos\/wp-json\/wp\/v2\/comments?post=4099"}],"version-history":[{"count":4,"href":"https:\/\/www.ufmg.br\/periodicos\/wp-json\/wp\/v2\/posts\/4099\/revisions"}],"predecessor-version":[{"id":4104,"href":"https:\/\/www.ufmg.br\/periodicos\/wp-json\/wp\/v2\/posts\/4099\/revisions\/4104"}],"wp:attachment":[{"href":"https:\/\/www.ufmg.br\/periodicos\/wp-json\/wp\/v2\/media?parent=4099"}],"wp:term":[{"taxonomy":"category","embeddable":true,"href":"https:\/\/www.ufmg.br\/periodicos\/wp-json\/wp\/v2\/categories?post=4099"},{"taxonomy":"post_tag","embeddable":true,"href":"https:\/\/www.ufmg.br\/periodicos\/wp-json\/wp\/v2\/tags?post=4099"}],"curies":[{"name":"wp","href":"https:\/\/api.w.org\/{rel}","templated":true}]}}