{"id":419,"date":"2015-12-14T06:35:17","date_gmt":"2015-12-14T08:35:17","guid":{"rendered":"https:\/\/www.ufmg.br\/periodicos\/?p=419"},"modified":"2015-12-11T21:38:31","modified_gmt":"2015-12-11T23:38:31","slug":"criterios-de-admissao-e-permanencia-de-periodicos-cientificos-na-colecao-scielo","status":"publish","type":"post","link":"https:\/\/www.ufmg.br\/periodicos\/criterios-de-admissao-e-permanencia-de-periodicos-cientificos-na-colecao-scielo\/","title":{"rendered":"Crit\u00e9rios de admiss\u00e3o e perman\u00eancia de peri\u00f3dicos cient\u00edficos na Cole\u00e7\u00e3o SciELO"},"content":{"rendered":"<p>Carta aberta da ANPOCS (Associa\u00e7\u00e3o Nacional de P\u00f3s-Gradua\u00e7\u00e3o e Pesquisa em Ci\u00eancias Sociais) sobre os crit\u00e9rios de admiss\u00e3o e perman\u00eancia de peri\u00f3dicos cient\u00edficos na Cole\u00e7\u00e3o SciELO. <a href=\"http:\/\/portal.anpocs.org\/portal\/index.php?option=com_content&amp;view=article&amp;id=1514%3Acarta-aberta-da-anpocs-&amp;catid=1136%3Adestaques&amp;Itemid=433\" target=\"_blank\">Mais detalhes aqui.<\/a><\/p>\n","protected":false},"excerpt":{"rendered":"<p>Carta aberta da ANPOCS (Associa\u00e7\u00e3o Nacional de P\u00f3s-Gradua\u00e7\u00e3o e Pesquisa em Ci\u00eancias Sociais) sobre os crit\u00e9rios de admiss\u00e3o e perman\u00eancia de peri\u00f3dicos cient\u00edficos na Cole\u00e7\u00e3o SciELO. Mais detalhes aqui.<\/p>\n","protected":false},"author":3,"featured_media":0,"comment_status":"open","ping_status":"open","sticky":false,"template":"","format":"standard","meta":{"footnotes":""},"categories":[3],"tags":[],"class_list":["post-419","post","type-post","status-publish","format-standard","hentry","category-noticias"],"_links":{"self":[{"href":"https:\/\/www.ufmg.br\/periodicos\/wp-json\/wp\/v2\/posts\/419","targetHints":{"allow":["GET"]}}],"collection":[{"href":"https:\/\/www.ufmg.br\/periodicos\/wp-json\/wp\/v2\/posts"}],"about":[{"href":"https:\/\/www.ufmg.br\/periodicos\/wp-json\/wp\/v2\/types\/post"}],"author":[{"embeddable":true,"href":"https:\/\/www.ufmg.br\/periodicos\/wp-json\/wp\/v2\/users\/3"}],"replies":[{"embeddable":true,"href":"https:\/\/www.ufmg.br\/periodicos\/wp-json\/wp\/v2\/comments?post=419"}],"version-history":[{"count":1,"href":"https:\/\/www.ufmg.br\/periodicos\/wp-json\/wp\/v2\/posts\/419\/revisions"}],"predecessor-version":[{"id":420,"href":"https:\/\/www.ufmg.br\/periodicos\/wp-json\/wp\/v2\/posts\/419\/revisions\/420"}],"wp:attachment":[{"href":"https:\/\/www.ufmg.br\/periodicos\/wp-json\/wp\/v2\/media?parent=419"}],"wp:term":[{"taxonomy":"category","embeddable":true,"href":"https:\/\/www.ufmg.br\/periodicos\/wp-json\/wp\/v2\/categories?post=419"},{"taxonomy":"post_tag","embeddable":true,"href":"https:\/\/www.ufmg.br\/periodicos\/wp-json\/wp\/v2\/tags?post=419"}],"curies":[{"name":"wp","href":"https:\/\/api.w.org\/{rel}","templated":true}]}}