{"id":4202,"date":"2022-07-04T11:01:57","date_gmt":"2022-07-04T14:01:57","guid":{"rendered":"https:\/\/www.ufmg.br\/periodicos\/?p=4202"},"modified":"2022-07-04T11:11:20","modified_gmt":"2022-07-04T14:11:20","slug":"premio-jurgen-dobereiner","status":"publish","type":"post","link":"https:\/\/www.ufmg.br\/periodicos\/premio-jurgen-dobereiner\/","title":{"rendered":"Pr\u00eamio J\u00fcrgen D\u00f6bereiner"},"content":{"rendered":"<p>A ABEC (Associa\u00e7\u00e3o Brasileira de Editores Cient\u00edficos) promove desde 2001, como modalidade Jovem Editor: o pr\u00eamio\u00a0J\u00fcrgen D\u00f6bereiner, neste ano em sua d\u00e9cima segunda edi\u00e7\u00e3o. Os candidatos n\u00e3o podem ter mais de 40 anos em 31\/12\/2022 e precisam est\u00e1 atuando em algum peri\u00f3dico cient\u00edfico.<\/p>\n<p>As <a href=\"https:\/\/meeting22.abecbrasil.org.br\/premio-jurgen-dobereiner\/\">inscri\u00e7\u00f5es<\/a> s\u00e3o gratuitas e encerram em 20 de agosto de 2022. O resultado da premia\u00e7\u00e3o ocorrer\u00e1 em 20 de setembro de 2022.\u00a0 O vencedor receber\u00e1: trof\u00e9u\u00a0J\u00fcrgen D\u00f6bereiner, diploma, participa\u00e7\u00e3o\u00a0 gratuita no Abec Meeting 2022, inscri\u00e7\u00e3o gratuita nos eventos de curta dura\u00e7\u00e3o promovidos pela ABEC em 2023 (exceto os cursos do Programa para Capacita\u00e7\u00e3o em Puplica\u00e7\u00e3o Cient\u00edfica &#8211; ProCPC) e 75% de desconto no Curso de Avaliador de Artigo Cient\u00edfico.<\/p>\n<p>&nbsp;<\/p>\n<p style=\"text-align: center;\"><a href=\"https:\/\/www.ufmg.br\/periodicos\/premio-jurgen-dobereiner\/premioabec\/\" rel=\"attachment wp-att-4205\"><img loading=\"lazy\" decoding=\"async\" class=\"alignnone size-medium wp-image-4205\" src=\"https:\/\/www.ufmg.br\/periodicos\/wp-content\/files\/2022\/07\/premioabec-300x251.png\" alt=\"\" width=\"300\" height=\"251\" srcset=\"https:\/\/www.ufmg.br\/periodicos\/wp-content\/files\/2022\/07\/premioabec-300x251.png 300w, https:\/\/www.ufmg.br\/periodicos\/wp-content\/files\/2022\/07\/premioabec-768x644.png 768w, https:\/\/www.ufmg.br\/periodicos\/wp-content\/files\/2022\/07\/premioabec.png 940w\" sizes=\"auto, (max-width: 300px) 100vw, 300px\" \/><\/a><\/p>\n<p><\/p>","protected":false},"excerpt":{"rendered":"<p>A ABEC (Associa\u00e7\u00e3o Brasileira de Editores Cient\u00edficos) promove desde 2001, como modalidade Jovem Editor: o pr\u00eamio\u00a0J\u00fcrgen D\u00f6bereiner, neste ano em sua d\u00e9cima segunda edi\u00e7\u00e3o. Os candidatos n\u00e3o podem ter mais de 40 anos em 31\/12\/2022 e precisam est\u00e1 atuando em algum peri\u00f3dico cient\u00edfico. As inscri\u00e7\u00f5es s\u00e3o gratuitas e encerram em 20 de agosto de 2022. [&hellip;]<\/p>\n","protected":false},"author":6,"featured_media":0,"comment_status":"open","ping_status":"open","sticky":false,"template":"","format":"standard","meta":{"footnotes":""},"categories":[3],"tags":[],"class_list":["post-4202","post","type-post","status-publish","format-standard","hentry","category-noticias"],"_links":{"self":[{"href":"https:\/\/www.ufmg.br\/periodicos\/wp-json\/wp\/v2\/posts\/4202","targetHints":{"allow":["GET"]}}],"collection":[{"href":"https:\/\/www.ufmg.br\/periodicos\/wp-json\/wp\/v2\/posts"}],"about":[{"href":"https:\/\/www.ufmg.br\/periodicos\/wp-json\/wp\/v2\/types\/post"}],"author":[{"embeddable":true,"href":"https:\/\/www.ufmg.br\/periodicos\/wp-json\/wp\/v2\/users\/6"}],"replies":[{"embeddable":true,"href":"https:\/\/www.ufmg.br\/periodicos\/wp-json\/wp\/v2\/comments?post=4202"}],"version-history":[{"count":3,"href":"https:\/\/www.ufmg.br\/periodicos\/wp-json\/wp\/v2\/posts\/4202\/revisions"}],"predecessor-version":[{"id":4206,"href":"https:\/\/www.ufmg.br\/periodicos\/wp-json\/wp\/v2\/posts\/4202\/revisions\/4206"}],"wp:attachment":[{"href":"https:\/\/www.ufmg.br\/periodicos\/wp-json\/wp\/v2\/media?parent=4202"}],"wp:term":[{"taxonomy":"category","embeddable":true,"href":"https:\/\/www.ufmg.br\/periodicos\/wp-json\/wp\/v2\/categories?post=4202"},{"taxonomy":"post_tag","embeddable":true,"href":"https:\/\/www.ufmg.br\/periodicos\/wp-json\/wp\/v2\/tags?post=4202"}],"curies":[{"name":"wp","href":"https:\/\/api.w.org\/{rel}","templated":true}]}}