{"id":4266,"date":"2022-07-25T11:32:56","date_gmt":"2022-07-25T14:32:56","guid":{"rendered":"https:\/\/www.ufmg.br\/periodicos\/?p=4266"},"modified":"2022-07-25T11:32:56","modified_gmt":"2022-07-25T14:32:56","slug":"congresso-ibero-americano-de-ciencia-aberta","status":"publish","type":"post","link":"https:\/\/www.ufmg.br\/periodicos\/congresso-ibero-americano-de-ciencia-aberta\/","title":{"rendered":"Congresso Ibero-americano de Ciencia Aberta"},"content":{"rendered":"<p>O primeiro congresso Ibero-americano de Ci\u00eancia Aberta em modo virtual ser\u00e1 promovido pela Funda\u00e7\u00e3o Openlab Equador, a Rede de\u00a0 Pesquisa em Conhecimento Livre, Software e Hardware junto com o Hub de Inova\u00e7\u00e3o da cidade de Quito e a Organiza\u00e7\u00e3o dos Estados Ibero-americanos para a Educa\u00e7\u00e3o, Ci\u00eancia e Cultura (OEI).<\/p>\n<p>As tem\u00e1ticas coberta pelo evento s\u00e3o:<\/p>\n<ul>\n<li>Contribui\u00e7\u00e3o da ci\u00eancia aberta para problemas globais;<\/li>\n<li>Infraestruturas abertas para a ci\u00eancia: dados, integra\u00e7\u00e3o e converg\u00eancia;<\/li>\n<li>Ci\u00eancia cidad\u00e3 e participativa: experi\u00eancias e metodologias;<\/li>\n<li>Mecanismo de avalia\u00e7\u00e3o, incentivos, indicadores;<\/li>\n<li>Pol\u00edticas, planos estrat\u00e9gicos e boas pr\u00e1ticas de gest\u00e3o;<\/li>\n<li>Desenvolvimento de compet\u00eancias, processos de sensibiliza\u00e7\u00e3o e divulga\u00e7\u00e3o;<\/li>\n<li>\u00c9tica, integridade, inclus\u00e3o na ci\u00eancia aberta;<\/li>\n<li>Marcos Legais: Propriedade intelectual, privacidade e prote\u00e7\u00e3o de dados pessoais;<\/li>\n<\/ul>\n<p>&nbsp;<\/p>\n<p>Para mais detalhes deste evento, bem como o cronograma\u00a0 clique <a href=\"https:\/\/cienciaabierta.info\/#container-registro\">aqui<\/a>.<\/p>","protected":false},"excerpt":{"rendered":"<p>O primeiro congresso Ibero-americano de Ci\u00eancia Aberta em modo virtual ser\u00e1 promovido pela Funda\u00e7\u00e3o Openlab Equador, a Rede de\u00a0 Pesquisa em Conhecimento Livre, Software e Hardware junto com o Hub de Inova\u00e7\u00e3o da cidade de Quito e a Organiza\u00e7\u00e3o dos Estados Ibero-americanos para a Educa\u00e7\u00e3o, Ci\u00eancia e Cultura (OEI). As tem\u00e1ticas coberta pelo evento s\u00e3o: [&hellip;]<\/p>\n","protected":false},"author":6,"featured_media":0,"comment_status":"open","ping_status":"open","sticky":false,"template":"","format":"standard","meta":{"footnotes":""},"categories":[3],"tags":[],"class_list":["post-4266","post","type-post","status-publish","format-standard","hentry","category-noticias"],"_links":{"self":[{"href":"https:\/\/www.ufmg.br\/periodicos\/wp-json\/wp\/v2\/posts\/4266","targetHints":{"allow":["GET"]}}],"collection":[{"href":"https:\/\/www.ufmg.br\/periodicos\/wp-json\/wp\/v2\/posts"}],"about":[{"href":"https:\/\/www.ufmg.br\/periodicos\/wp-json\/wp\/v2\/types\/post"}],"author":[{"embeddable":true,"href":"https:\/\/www.ufmg.br\/periodicos\/wp-json\/wp\/v2\/users\/6"}],"replies":[{"embeddable":true,"href":"https:\/\/www.ufmg.br\/periodicos\/wp-json\/wp\/v2\/comments?post=4266"}],"version-history":[{"count":1,"href":"https:\/\/www.ufmg.br\/periodicos\/wp-json\/wp\/v2\/posts\/4266\/revisions"}],"predecessor-version":[{"id":4267,"href":"https:\/\/www.ufmg.br\/periodicos\/wp-json\/wp\/v2\/posts\/4266\/revisions\/4267"}],"wp:attachment":[{"href":"https:\/\/www.ufmg.br\/periodicos\/wp-json\/wp\/v2\/media?parent=4266"}],"wp:term":[{"taxonomy":"category","embeddable":true,"href":"https:\/\/www.ufmg.br\/periodicos\/wp-json\/wp\/v2\/categories?post=4266"},{"taxonomy":"post_tag","embeddable":true,"href":"https:\/\/www.ufmg.br\/periodicos\/wp-json\/wp\/v2\/tags?post=4266"}],"curies":[{"name":"wp","href":"https:\/\/api.w.org\/{rel}","templated":true}]}}