{"id":4272,"date":"2022-08-02T11:53:19","date_gmt":"2022-08-02T14:53:19","guid":{"rendered":"https:\/\/www.ufmg.br\/periodicos\/?p=4272"},"modified":"2022-08-02T11:53:19","modified_gmt":"2022-08-02T14:53:19","slug":"comunicacao-oral-no-abec-meeting","status":"publish","type":"post","link":"https:\/\/www.ufmg.br\/periodicos\/comunicacao-oral-no-abec-meeting\/","title":{"rendered":"Comunica\u00e7\u00e3o Oral no ABEC Meeting"},"content":{"rendered":"<p>Est\u00e3o abertas as inscri\u00e7\u00f5es para a submiss\u00e3o de trabalho t\u00e9cnicos e cient\u00edficos para a sess\u00e3o de comunica\u00e7\u00e3o oral no <a href=\"https:\/\/meeting21.abecbrasil.org.br\/\">ABEC Meeting<\/a><\/p>\n<p>As naturezas do trabalhos s\u00e3o: experimental, hist\u00f3rica, descritiva, documental, estudo de caso e trabalho conceitual. E eles precisam ser in\u00e9ditos e podem ser submetidos <a href=\"https:\/\/meeting22.abecbrasil.org.br\/submissao-de-trabalho\/\">aqui<\/a>.<\/p>\n<p>&nbsp;<\/p>","protected":false},"excerpt":{"rendered":"<p>Est\u00e3o abertas as inscri\u00e7\u00f5es para a submiss\u00e3o de trabalho t\u00e9cnicos e cient\u00edficos para a sess\u00e3o de comunica\u00e7\u00e3o oral no ABEC Meeting As naturezas do trabalhos s\u00e3o: experimental, hist\u00f3rica, descritiva, documental, estudo de caso e trabalho conceitual. E eles precisam ser in\u00e9ditos e podem ser submetidos aqui. &nbsp;<\/p>\n","protected":false},"author":6,"featured_media":0,"comment_status":"open","ping_status":"open","sticky":false,"template":"","format":"standard","meta":{"footnotes":""},"categories":[3],"tags":[],"class_list":["post-4272","post","type-post","status-publish","format-standard","hentry","category-noticias"],"_links":{"self":[{"href":"https:\/\/www.ufmg.br\/periodicos\/wp-json\/wp\/v2\/posts\/4272","targetHints":{"allow":["GET"]}}],"collection":[{"href":"https:\/\/www.ufmg.br\/periodicos\/wp-json\/wp\/v2\/posts"}],"about":[{"href":"https:\/\/www.ufmg.br\/periodicos\/wp-json\/wp\/v2\/types\/post"}],"author":[{"embeddable":true,"href":"https:\/\/www.ufmg.br\/periodicos\/wp-json\/wp\/v2\/users\/6"}],"replies":[{"embeddable":true,"href":"https:\/\/www.ufmg.br\/periodicos\/wp-json\/wp\/v2\/comments?post=4272"}],"version-history":[{"count":1,"href":"https:\/\/www.ufmg.br\/periodicos\/wp-json\/wp\/v2\/posts\/4272\/revisions"}],"predecessor-version":[{"id":4273,"href":"https:\/\/www.ufmg.br\/periodicos\/wp-json\/wp\/v2\/posts\/4272\/revisions\/4273"}],"wp:attachment":[{"href":"https:\/\/www.ufmg.br\/periodicos\/wp-json\/wp\/v2\/media?parent=4272"}],"wp:term":[{"taxonomy":"category","embeddable":true,"href":"https:\/\/www.ufmg.br\/periodicos\/wp-json\/wp\/v2\/categories?post=4272"},{"taxonomy":"post_tag","embeddable":true,"href":"https:\/\/www.ufmg.br\/periodicos\/wp-json\/wp\/v2\/tags?post=4272"}],"curies":[{"name":"wp","href":"https:\/\/api.w.org\/{rel}","templated":true}]}}