{"id":4278,"date":"2022-08-05T11:30:21","date_gmt":"2022-08-05T14:30:21","guid":{"rendered":"https:\/\/www.ufmg.br\/periodicos\/?p=4278"},"modified":"2022-08-05T11:30:58","modified_gmt":"2022-08-05T14:30:58","slug":"oficinas-tematicas-sobre-governanca-e-gestao-de-dados","status":"publish","type":"post","link":"https:\/\/www.ufmg.br\/periodicos\/oficinas-tematicas-sobre-governanca-e-gestao-de-dados\/","title":{"rendered":"Oficinas tem\u00e1ticas sobre governan\u00e7a e gest\u00e3o de dados"},"content":{"rendered":"<p>A <a href=\"https:\/\/www.embrapa.br\/busca-de-noticias\/-\/noticia\/72489507\/rede-go-fair-agro-brasil-promove-oficinas-tematicas-sobre-governanca-e-gestao-de-dados?fbclid=IwAR1vH0ZjcQjCyVlk37cgNIVzbnExKzM2bhsbzj1RKTfCeZOsAlq6MA8ItVw\">Rede Go Fair<\/a>, coordenada pela Embrapa ( Empresa Brasileira de Pesquisa Agropecu\u00e1ria) em parceria com\u00a0 UFRRJ (Universidade Federal Rural do Rio de Janeiro, USP (Universidade de S\u00e3o Paulo) e Unipampa (Universidade Federal do Pampa) promovem em agosto\/setembro quatro oficinas online e gratuitas sobre: infraestrutura de reposit\u00f3rios, pol\u00edticas e planos de gest\u00e3o de dados, padr\u00f5es de metadados e modelo conceitual e interoperatividade sem\u00e2ntica.<\/p>\n<p>O formul\u00e1rio de inscri\u00e7\u00e3o est\u00e1 dispon\u00edvel <a href=\"https:\/\/www.even3.com.br\/gofairagrobrasil2022\/\">aqui<\/a>.<\/p>\n<table border=\"0\" cellspacing=\"10\" cellpadding=\"30\" align=\"center\">\n<tbody>\n<tr>\n<td>\n<p style=\"text-align: center;\"><strong>Programa\u00e7\u00e3o<\/strong><\/p>\n<p>&nbsp;<\/p>\n<p><strong>Infraestrutura de Reposit\u00f3rios &#8211;\u00a0<\/strong><span style=\"font-family: inherit; font-size: inherit;\">Data: 17 de agosto, \u00e0s 9h,\u00a0<\/span><span style=\"font-family: inherit; font-size: inherit;\">Palestrante: F\u00e1tima Nunes, USP &#8211;\u00a0<\/span><span style=\"font-family: inherit; font-size: inherit;\">Inscri\u00e7\u00e3o: at\u00e9 15 de agosto;<\/span><\/p>\n<p><strong>Pol\u00edticas e Planos de Gest\u00e3o de Dados\u00a0&#8211;\u00a0<\/strong><span style=\"font-family: inherit; font-size: inherit;\">Data: 25 de agosto, \u00e0s 14h,\u00a0<\/span><span style=\"font-family: inherit; font-size: inherit;\">Palestrante: Viviane Veiga, Fiocruz\u00a0&#8211;\u00a0<\/span><span style=\"font-family: inherit; font-size: inherit;\">Inscri\u00e7\u00e3o: at\u00e9 23 de agosto;<\/span><\/p>\n<p><strong>Padr\u00f5es de Dados e Metadados, Tipologia de Dados\u00a0&#8211;\u00a0<\/strong><span style=\"font-family: inherit; font-size: inherit;\">Data: 31 de agosto, \u00e0s 9h,\u00a0<\/span><span style=\"font-family: inherit; font-size: inherit;\">Palestrante: Jo\u00e3o Luiz Rebelo Moreira, University of Twente &#8211;\u00a0<\/span><span style=\"font-family: inherit; font-size: inherit;\">Inscri\u00e7\u00e3o: at\u00e9 29 de agosto;<\/span><\/p>\n<p><strong>Modelo Conceitual, Interoperabilidade Sem\u00e2ntica\u00a0&#8211;\u00a0<\/strong><span style=\"font-family: inherit; font-size: inherit;\">Data: 13 de setembro, \u00e0s 9h,\u00a0<\/span>Palestrante: Giancarlo Guizzardi, Free University of Bozen-Bolzano, It\u00e1lia &amp; University of Twente\u00a0<span style=\"font-family: inherit; font-size: inherit;\">&#8211;\u00a0<\/span><span style=\"font-family: inherit; font-size: inherit;\">Inscri\u00e7\u00e3o: at\u00e9 11 de setembro;<\/span><\/p>\n<p>&nbsp;<\/p>\n<p>&nbsp;<\/td>\n<\/tr>\n<\/tbody>\n<\/table>\n<p>&nbsp;<\/p>","protected":false},"excerpt":{"rendered":"<p>A Rede Go Fair, coordenada pela Embrapa ( Empresa Brasileira de Pesquisa Agropecu\u00e1ria) em parceria com\u00a0 UFRRJ (Universidade Federal Rural do Rio de Janeiro, USP (Universidade de S\u00e3o Paulo) e Unipampa (Universidade Federal do Pampa) promovem em agosto\/setembro quatro oficinas online e gratuitas sobre: infraestrutura de reposit\u00f3rios, pol\u00edticas e planos de gest\u00e3o de dados, padr\u00f5es [&hellip;]<\/p>\n","protected":false},"author":6,"featured_media":0,"comment_status":"open","ping_status":"open","sticky":false,"template":"","format":"standard","meta":{"footnotes":""},"categories":[3],"tags":[],"class_list":["post-4278","post","type-post","status-publish","format-standard","hentry","category-noticias"],"_links":{"self":[{"href":"https:\/\/www.ufmg.br\/periodicos\/wp-json\/wp\/v2\/posts\/4278","targetHints":{"allow":["GET"]}}],"collection":[{"href":"https:\/\/www.ufmg.br\/periodicos\/wp-json\/wp\/v2\/posts"}],"about":[{"href":"https:\/\/www.ufmg.br\/periodicos\/wp-json\/wp\/v2\/types\/post"}],"author":[{"embeddable":true,"href":"https:\/\/www.ufmg.br\/periodicos\/wp-json\/wp\/v2\/users\/6"}],"replies":[{"embeddable":true,"href":"https:\/\/www.ufmg.br\/periodicos\/wp-json\/wp\/v2\/comments?post=4278"}],"version-history":[{"count":2,"href":"https:\/\/www.ufmg.br\/periodicos\/wp-json\/wp\/v2\/posts\/4278\/revisions"}],"predecessor-version":[{"id":4280,"href":"https:\/\/www.ufmg.br\/periodicos\/wp-json\/wp\/v2\/posts\/4278\/revisions\/4280"}],"wp:attachment":[{"href":"https:\/\/www.ufmg.br\/periodicos\/wp-json\/wp\/v2\/media?parent=4278"}],"wp:term":[{"taxonomy":"category","embeddable":true,"href":"https:\/\/www.ufmg.br\/periodicos\/wp-json\/wp\/v2\/categories?post=4278"},{"taxonomy":"post_tag","embeddable":true,"href":"https:\/\/www.ufmg.br\/periodicos\/wp-json\/wp\/v2\/tags?post=4278"}],"curies":[{"name":"wp","href":"https:\/\/api.w.org\/{rel}","templated":true}]}}