{"id":4310,"date":"2022-09-23T11:50:13","date_gmt":"2022-09-23T14:50:13","guid":{"rendered":"https:\/\/www.ufmg.br\/periodicos\/?p=4310"},"modified":"2022-09-23T11:50:13","modified_gmt":"2022-09-23T14:50:13","slug":"aspectos-fundamentais-da-politica-editorial-de-uma-publicacao-periodica","status":"publish","type":"post","link":"https:\/\/www.ufmg.br\/periodicos\/aspectos-fundamentais-da-politica-editorial-de-uma-publicacao-periodica\/","title":{"rendered":"Aspectos fundamentais da pol\u00edtica editorial de uma publica\u00e7\u00e3o peri\u00f3dica"},"content":{"rendered":"<p>No 8. Encontro de Editores Cient\u00edficos promovido pela Universidade Federal de Goi\u00e1s no \u00faltimo dia 22 de setembro de 2002, o palestrante\u00a0Professor Sigmar de Mello Rode falou sobre a import\u00e2ncia de ter clareza nas pol\u00edticas editoriais, o seu impacto no fluxo editorial. Apresentou tamb\u00e9m algumas recomenda\u00e7\u00f5es para os manuscritos e abordou a pol\u00edtica da ci\u00eancia aberta.<\/p>\n<p>O evento tamb\u00e9m foi comemorativo aos 15 anos do Portal de Peri\u00f3dicos da UFG.<\/p>\n<p>A palestra est\u00e1 dispon\u00edvel <a href=\"https:\/\/www.youtube.com\/watch?v=br9qvgj1m90\">aqui<\/a>.<\/p>","protected":false},"excerpt":{"rendered":"<p>No 8. Encontro de Editores Cient\u00edficos promovido pela Universidade Federal de Goi\u00e1s no \u00faltimo dia 22 de setembro de 2002, o palestrante\u00a0Professor Sigmar de Mello Rode falou sobre a import\u00e2ncia de ter clareza nas pol\u00edticas editoriais, o seu impacto no fluxo editorial. Apresentou tamb\u00e9m algumas recomenda\u00e7\u00f5es para os manuscritos e abordou a pol\u00edtica da ci\u00eancia [&hellip;]<\/p>\n","protected":false},"author":6,"featured_media":0,"comment_status":"open","ping_status":"open","sticky":false,"template":"","format":"standard","meta":{"footnotes":""},"categories":[3],"tags":[],"class_list":["post-4310","post","type-post","status-publish","format-standard","hentry","category-noticias"],"_links":{"self":[{"href":"https:\/\/www.ufmg.br\/periodicos\/wp-json\/wp\/v2\/posts\/4310","targetHints":{"allow":["GET"]}}],"collection":[{"href":"https:\/\/www.ufmg.br\/periodicos\/wp-json\/wp\/v2\/posts"}],"about":[{"href":"https:\/\/www.ufmg.br\/periodicos\/wp-json\/wp\/v2\/types\/post"}],"author":[{"embeddable":true,"href":"https:\/\/www.ufmg.br\/periodicos\/wp-json\/wp\/v2\/users\/6"}],"replies":[{"embeddable":true,"href":"https:\/\/www.ufmg.br\/periodicos\/wp-json\/wp\/v2\/comments?post=4310"}],"version-history":[{"count":2,"href":"https:\/\/www.ufmg.br\/periodicos\/wp-json\/wp\/v2\/posts\/4310\/revisions"}],"predecessor-version":[{"id":4312,"href":"https:\/\/www.ufmg.br\/periodicos\/wp-json\/wp\/v2\/posts\/4310\/revisions\/4312"}],"wp:attachment":[{"href":"https:\/\/www.ufmg.br\/periodicos\/wp-json\/wp\/v2\/media?parent=4310"}],"wp:term":[{"taxonomy":"category","embeddable":true,"href":"https:\/\/www.ufmg.br\/periodicos\/wp-json\/wp\/v2\/categories?post=4310"},{"taxonomy":"post_tag","embeddable":true,"href":"https:\/\/www.ufmg.br\/periodicos\/wp-json\/wp\/v2\/tags?post=4310"}],"curies":[{"name":"wp","href":"https:\/\/api.w.org\/{rel}","templated":true}]}}