{"id":4343,"date":"2022-11-04T11:48:23","date_gmt":"2022-11-04T14:48:23","guid":{"rendered":"https:\/\/www.ufmg.br\/periodicos\/?p=4343"},"modified":"2022-11-07T11:13:42","modified_gmt":"2022-11-07T14:13:42","slug":"vii-ciclo-de-formacao-de-editores","status":"publish","type":"post","link":"https:\/\/www.ufmg.br\/periodicos\/vii-ciclo-de-formacao-de-editores\/","title":{"rendered":"VII Ciclo de Forma\u00e7\u00e3o de Editores"},"content":{"rendered":"<p>Caros editores e equipe editorial<\/p>\n<p>Vamos realizar nos dias 23 a 25\/11 no turno da manh\u00e3 o VII Ciclo de Forma\u00e7\u00e3o de Editores.<\/p>\n<p>O Ciclo \u00e9 uma das a\u00e7\u00f5es da pol\u00edtica de peri\u00f3dicos da universidade e visa capacitar e atualizar os editores cient\u00edficos e equipe editorial do Portal de Peri\u00f3dicos UFMG.<\/p>\n<p>O evento contar\u00e1 com palestras presenciais aberto a todos os interessados nas tem\u00e1ticas abordadas que ser\u00e3o divulgadas em breve e um workshop online restrito a equipe editorial das revistas vinculadas \u00e0 UFMG.<\/p>\n<p>&nbsp;<\/p>\n<p><a href=\"https:\/\/www.ufmg.br\/periodicos\/vii-ciclo-de-formacao-de-editores\/vii\/\" rel=\"attachment wp-att-4344\"><img loading=\"lazy\" decoding=\"async\" class=\"size-medium wp-image-4344 aligncenter\" src=\"https:\/\/www.ufmg.br\/periodicos\/wp-content\/files\/2022\/11\/VII-300x251.png\" alt=\"\" width=\"300\" height=\"251\" srcset=\"https:\/\/www.ufmg.br\/periodicos\/wp-content\/files\/2022\/11\/VII-300x251.png 300w, https:\/\/www.ufmg.br\/periodicos\/wp-content\/files\/2022\/11\/VII-768x644.png 768w, https:\/\/www.ufmg.br\/periodicos\/wp-content\/files\/2022\/11\/VII.png 940w\" sizes=\"auto, (max-width: 300px) 100vw, 300px\" \/><\/a><\/p>","protected":false},"excerpt":{"rendered":"<p>Caros editores e equipe editorial Vamos realizar nos dias 23 a 25\/11 no turno da manh\u00e3 o VII Ciclo de Forma\u00e7\u00e3o de Editores. O Ciclo \u00e9 uma das a\u00e7\u00f5es da pol\u00edtica de peri\u00f3dicos da universidade e visa capacitar e atualizar os editores cient\u00edficos e equipe editorial do Portal de Peri\u00f3dicos UFMG. O evento contar\u00e1 com [&hellip;]<\/p>\n","protected":false},"author":6,"featured_media":0,"comment_status":"open","ping_status":"open","sticky":false,"template":"","format":"standard","meta":{"footnotes":""},"categories":[3],"tags":[],"class_list":["post-4343","post","type-post","status-publish","format-standard","hentry","category-noticias"],"_links":{"self":[{"href":"https:\/\/www.ufmg.br\/periodicos\/wp-json\/wp\/v2\/posts\/4343","targetHints":{"allow":["GET"]}}],"collection":[{"href":"https:\/\/www.ufmg.br\/periodicos\/wp-json\/wp\/v2\/posts"}],"about":[{"href":"https:\/\/www.ufmg.br\/periodicos\/wp-json\/wp\/v2\/types\/post"}],"author":[{"embeddable":true,"href":"https:\/\/www.ufmg.br\/periodicos\/wp-json\/wp\/v2\/users\/6"}],"replies":[{"embeddable":true,"href":"https:\/\/www.ufmg.br\/periodicos\/wp-json\/wp\/v2\/comments?post=4343"}],"version-history":[{"count":3,"href":"https:\/\/www.ufmg.br\/periodicos\/wp-json\/wp\/v2\/posts\/4343\/revisions"}],"predecessor-version":[{"id":4347,"href":"https:\/\/www.ufmg.br\/periodicos\/wp-json\/wp\/v2\/posts\/4343\/revisions\/4347"}],"wp:attachment":[{"href":"https:\/\/www.ufmg.br\/periodicos\/wp-json\/wp\/v2\/media?parent=4343"}],"wp:term":[{"taxonomy":"category","embeddable":true,"href":"https:\/\/www.ufmg.br\/periodicos\/wp-json\/wp\/v2\/categories?post=4343"},{"taxonomy":"post_tag","embeddable":true,"href":"https:\/\/www.ufmg.br\/periodicos\/wp-json\/wp\/v2\/tags?post=4343"}],"curies":[{"name":"wp","href":"https:\/\/api.w.org\/{rel}","templated":true}]}}