{"id":4412,"date":"2023-08-11T11:00:02","date_gmt":"2023-08-11T14:00:02","guid":{"rendered":"https:\/\/www.ufmg.br\/periodicos\/?p=4412"},"modified":"2023-08-11T11:00:02","modified_gmt":"2023-08-11T14:00:02","slug":"premio-editor-do-futuro-2023-esta-com-inscricoes-abertas","status":"publish","type":"post","link":"https:\/\/www.ufmg.br\/periodicos\/premio-editor-do-futuro-2023-esta-com-inscricoes-abertas\/","title":{"rendered":"Pr\u00eamio Editor do Futuro 2023 est\u00e1 com inscri\u00e7\u00f5es abertas"},"content":{"rendered":"<p>Prezados editores o\u00a0\u00a0Pr\u00eamio J\u00fcrgen D\u00f6bereiner, outorgado anualmente pela ABEC Brasil \u2013 Associa\u00e7\u00e3o Brasileira de Editores Cient\u00edficos, ter\u00e1, neste ano de 2023, a sua d\u00e9cima quarta edi\u00e7\u00e3o e ser\u00e1 atribu\u00eddo na modalidade Editor do Futuro.<\/p>\n<p>Para concorrer doutorandos e rec\u00e9m-doutores poder\u00e3o inscrever-se\u00a0<strong><em>at\u00e9 o dia<\/em>\u00a0<em>8 de setembro\u00a0<\/em><\/strong>em<a href=\"https:\/\/www.abecbrasil.org.br\/novo\/2023\/08\/premio-editor-do-futuro-2023-esta-com-inscricoes-abertas-2\/blank\">\u00a0https:\/\/bit.ly\/premio-jurgeninscricao\u00a0\u00a0\u00a0\u00a0<\/a>e o envio de documenta\u00e7\u00e3o adicional para o\u00a0<em>e-mail<\/em>\u00a0secretario.geral@abecbrasil.org.br, especificando o assunto Editor do Futuro.<\/p>\n<p>O pr\u00eamio ser\u00e1 entregue no ABEC Meeting que ocorrer\u00e1 em 21 a 23 de novembro de 2023, em Foz do Igua\u00e7u (PR). Mais informa\u00e7\u00f5es sobre o evento <a href=\"https:\/\/www.abecbrasil.org.br\/novo\/\">aqui<\/a>.<\/p>","protected":false},"excerpt":{"rendered":"<p>Prezados editores o\u00a0\u00a0Pr\u00eamio J\u00fcrgen D\u00f6bereiner, outorgado anualmente pela ABEC Brasil \u2013 Associa\u00e7\u00e3o Brasileira de Editores Cient\u00edficos, ter\u00e1, neste ano de 2023, a sua d\u00e9cima quarta edi\u00e7\u00e3o e ser\u00e1 atribu\u00eddo na modalidade Editor do Futuro. Para concorrer doutorandos e rec\u00e9m-doutores poder\u00e3o inscrever-se\u00a0at\u00e9 o dia\u00a08 de setembro\u00a0em\u00a0https:\/\/bit.ly\/premio-jurgeninscricao\u00a0\u00a0\u00a0\u00a0e o envio de documenta\u00e7\u00e3o adicional para o\u00a0e-mail\u00a0secretario.geral@abecbrasil.org.br, especificando o assunto [&hellip;]<\/p>\n","protected":false},"author":6,"featured_media":0,"comment_status":"open","ping_status":"open","sticky":false,"template":"","format":"standard","meta":{"footnotes":""},"categories":[3],"tags":[],"class_list":["post-4412","post","type-post","status-publish","format-standard","hentry","category-noticias"],"_links":{"self":[{"href":"https:\/\/www.ufmg.br\/periodicos\/wp-json\/wp\/v2\/posts\/4412","targetHints":{"allow":["GET"]}}],"collection":[{"href":"https:\/\/www.ufmg.br\/periodicos\/wp-json\/wp\/v2\/posts"}],"about":[{"href":"https:\/\/www.ufmg.br\/periodicos\/wp-json\/wp\/v2\/types\/post"}],"author":[{"embeddable":true,"href":"https:\/\/www.ufmg.br\/periodicos\/wp-json\/wp\/v2\/users\/6"}],"replies":[{"embeddable":true,"href":"https:\/\/www.ufmg.br\/periodicos\/wp-json\/wp\/v2\/comments?post=4412"}],"version-history":[{"count":1,"href":"https:\/\/www.ufmg.br\/periodicos\/wp-json\/wp\/v2\/posts\/4412\/revisions"}],"predecessor-version":[{"id":4413,"href":"https:\/\/www.ufmg.br\/periodicos\/wp-json\/wp\/v2\/posts\/4412\/revisions\/4413"}],"wp:attachment":[{"href":"https:\/\/www.ufmg.br\/periodicos\/wp-json\/wp\/v2\/media?parent=4412"}],"wp:term":[{"taxonomy":"category","embeddable":true,"href":"https:\/\/www.ufmg.br\/periodicos\/wp-json\/wp\/v2\/categories?post=4412"},{"taxonomy":"post_tag","embeddable":true,"href":"https:\/\/www.ufmg.br\/periodicos\/wp-json\/wp\/v2\/tags?post=4412"}],"curies":[{"name":"wp","href":"https:\/\/api.w.org\/{rel}","templated":true}]}}