{"id":4419,"date":"2023-09-18T11:22:30","date_gmt":"2023-09-18T14:22:30","guid":{"rendered":"https:\/\/www.ufmg.br\/periodicos\/?p=4419"},"modified":"2023-09-19T10:29:54","modified_gmt":"2023-09-19T13:29:54","slug":"acoes-projetos-e-infraestruturas-de-comunicacao-cientifica","status":"publish","type":"post","link":"https:\/\/www.ufmg.br\/periodicos\/acoes-projetos-e-infraestruturas-de-comunicacao-cientifica\/","title":{"rendered":"A\u00e7\u00f5es, projetos e infraestruturas de comunica\u00e7\u00e3o cient\u00edfica no contexto da Ci\u00eancia Aberta"},"content":{"rendered":"<p>O <a href=\"https:\/\/www.gov.br\/ibict\/pt-br\">IBICT<\/a> (Instituto Brasileiro de Informa\u00e7\u00e3o em Ci\u00eancia e Tecnologia) apresentou em artigo publicado em junho de 2023,\u00a0 quatorze a\u00e7\u00f5es, projetos e infraestruturas de comunica\u00e7\u00e3o cient\u00edfica no contexto da Ci\u00eancia Aberta.<\/p>\n<p>As a\u00e7\u00f5es s\u00e3o: Biblioteca Digital Brasileira de Teses e Disserta\u00e7\u00f5es (<a href=\"https:\/\/bdtd.ibict.br\/vufind\/\">BDTD<\/a>), Portal Brasileiro de publica\u00e7\u00f5es e dados cient\u00edficos de Acesso Aberto (<a href=\"https:\/\/oasisbr.ibict.br\/vufind\/\">Oasisbr<\/a>), Confer\u00eancia Lus\u00f3fona de Ci\u00eancia Aberta (<a href=\"https:\/\/confoa.rcaap.pt\/2023\/\">Confoa<\/a>), Reposit\u00f3rio Institucional del Ibict (<a href=\"https:\/\/repositorio.ibict.br\/\">RIDI<\/a>), Diret\u00f3rio de pol\u00edticas editoriais de revistas cient\u00edficas brasileiras (<a href=\"https:\/\/diadorim.ibict.br\/\">Diadorim<\/a>), Reposit\u00f3rio comum de Brasil (<a href=\"http:\/\/www.deposita.ibict.br\/\">Deposita<\/a>), Emerging Research Information (<a href=\"https:\/\/preprints.ibict.br\/\">Emeri<\/a>), Ecosistema Brasileiro de Informa\u00e7\u00e3o para a Investiga\u00e7\u00e3o Cient\u00edfica (<a href=\"https:\/\/brcris.ibict.br\/pt-BR\">BrCris<\/a>), Portal Brasileiro de revistas cient\u00edficas (<a href=\"http:\/\/manuelzao.ibict.br\/\">Manuelz\u00e3o<\/a>), <a href=\"https:\/\/lattesdata.cnpq.br\/\">Repositorio LattesData<\/a>, <a href=\"https:\/\/repositorio.cgu.gov.br\/handle\/1\/67649?locale=pt_BR\">Participa\u00e7\u00e3o no 5. plano de a\u00e7\u00e3o da alian\u00e7a para o governo aberto do Brasil,<\/a> <a href=\"https:\/\/dados.ibict.br\/\">Incubadora\u00a0 de reposit\u00f3rios de dados\u00a0 de pesquisa<\/a>.<\/p>\n<p>O artigo na \u00edntegra est\u00e1 dispon\u00edvel <a href=\"https:\/\/revistas.udistrital.edu.co\/index.php\/revcie\/article\/view\/20924\/19425\">aqui<\/a>.<\/p>\n<p style=\"text-align: center;\">REFER\u00caNCIA<\/p>\n<p>FREITAS-CAMPOS, F. ; BORGES-SENA, P. M.; CARVALHO-SEGUNDO, W. L., AMARO, B. Y VILAS-BOA, R. F. , (2023). Contribuci\u00f3n del Instituto Brasile\u00f1o de Informaci\u00f3n en Ciencia y Tecnolog\u00eda a la promoci\u00f3n del acceso abierto y la ciencia abierta: An\u00e1lisis de sus infraestructuras. Revista Cient\u00edfica, 48(3), 56-66.<\/p>\n<section class=\"linkAnnotation\" data-annotation-id=\"157R\"><\/section>\n<section class=\"linkAnnotation\" data-annotation-id=\"158R\"><\/section>\n<section class=\"linkAnnotation\" data-annotation-id=\"159R\"><\/section>\n<section class=\"linkAnnotation\" data-annotation-id=\"160R\"><\/section>\n<section class=\"linkAnnotation\" data-annotation-id=\"161R\"><\/section>\n<p>&nbsp;<\/p>","protected":false},"excerpt":{"rendered":"<p>O IBICT (Instituto Brasileiro de Informa\u00e7\u00e3o em Ci\u00eancia e Tecnologia) apresentou em artigo publicado em junho de 2023,\u00a0 quatorze a\u00e7\u00f5es, projetos e infraestruturas de comunica\u00e7\u00e3o cient\u00edfica no contexto da Ci\u00eancia Aberta. As a\u00e7\u00f5es s\u00e3o: Biblioteca Digital Brasileira de Teses e Disserta\u00e7\u00f5es (BDTD), Portal Brasileiro de publica\u00e7\u00f5es e dados cient\u00edficos de Acesso Aberto (Oasisbr), Confer\u00eancia Lus\u00f3fona [&hellip;]<\/p>\n","protected":false},"author":6,"featured_media":0,"comment_status":"open","ping_status":"open","sticky":false,"template":"","format":"standard","meta":{"footnotes":""},"categories":[3],"tags":[],"class_list":["post-4419","post","type-post","status-publish","format-standard","hentry","category-noticias"],"_links":{"self":[{"href":"https:\/\/www.ufmg.br\/periodicos\/wp-json\/wp\/v2\/posts\/4419","targetHints":{"allow":["GET"]}}],"collection":[{"href":"https:\/\/www.ufmg.br\/periodicos\/wp-json\/wp\/v2\/posts"}],"about":[{"href":"https:\/\/www.ufmg.br\/periodicos\/wp-json\/wp\/v2\/types\/post"}],"author":[{"embeddable":true,"href":"https:\/\/www.ufmg.br\/periodicos\/wp-json\/wp\/v2\/users\/6"}],"replies":[{"embeddable":true,"href":"https:\/\/www.ufmg.br\/periodicos\/wp-json\/wp\/v2\/comments?post=4419"}],"version-history":[{"count":5,"href":"https:\/\/www.ufmg.br\/periodicos\/wp-json\/wp\/v2\/posts\/4419\/revisions"}],"predecessor-version":[{"id":4424,"href":"https:\/\/www.ufmg.br\/periodicos\/wp-json\/wp\/v2\/posts\/4419\/revisions\/4424"}],"wp:attachment":[{"href":"https:\/\/www.ufmg.br\/periodicos\/wp-json\/wp\/v2\/media?parent=4419"}],"wp:term":[{"taxonomy":"category","embeddable":true,"href":"https:\/\/www.ufmg.br\/periodicos\/wp-json\/wp\/v2\/categories?post=4419"},{"taxonomy":"post_tag","embeddable":true,"href":"https:\/\/www.ufmg.br\/periodicos\/wp-json\/wp\/v2\/tags?post=4419"}],"curies":[{"name":"wp","href":"https:\/\/api.w.org\/{rel}","templated":true}]}}