{"id":4431,"date":"2023-11-17T11:04:57","date_gmt":"2023-11-17T14:04:57","guid":{"rendered":"https:\/\/www.ufmg.br\/periodicos\/?p=4431"},"modified":"2023-11-17T11:04:57","modified_gmt":"2023-11-17T14:04:57","slug":"doaj-tem-novos-criterios-para-questoes-especiais","status":"publish","type":"post","link":"https:\/\/www.ufmg.br\/periodicos\/doaj-tem-novos-criterios-para-questoes-especiais\/","title":{"rendered":"DOAJ tem novos crit\u00e9rios para quest\u00f5es especiais"},"content":{"rendered":"<p>As edi\u00e7\u00f5es especiais s\u00e3o cole\u00e7\u00f5es de artigos numa tem\u00e1tica espec\u00edfica. Essa cole\u00e7\u00e3o de artigo normalmente s\u00e3o gerenciadas por editores convidados e destacam trabalhos importantes e atuais em um nicho de pesquisa espec\u00edfico.<\/p>\n<p>Os crit\u00e9rios s\u00e3o:<\/p>\n<ol>\n<li>\u00a0O editor-chefe deve ser o respons\u00e1vel pelo conte\u00fado de toda a revista, inclusive os n\u00fameros especiais que precisam estar no escopo da revista.<\/li>\n<li>\u00a0Os artigos de n\u00fameros especiais precisam ser submetido a mesma supervis\u00e3o que os artigos regulares, incluindo a revis\u00e3o por pares.<\/li>\n<li>\u00a0Os peri\u00f3dicos precisam garantir que as credenciais dos editores convidados sejam verificadas.<\/li>\n<li>\u00a0O editor-chefe ou membro convidado deve supervisionar o editor convidado.<\/li>\n<li>\u00a0Os artigos submetidos para a edi\u00e7\u00e3o especial devem ser submetidos a um processo de revis\u00e3o independente e representar no m\u00e1ximo 25% do total da edi\u00e7\u00e3o.<\/li>\n<\/ol>\n<p>&nbsp;<\/p>\n<p>Importante ressaltar que o DOAJ n\u00e3o aceitar\u00e1 peri\u00f3dico se todo o conte\u00fado do \u00faltimo ano\/volume for publicado como n\u00famero especiais. Mais informa\u00e7\u00f5es podem ser acessadas <a href=\"https:\/\/doaj.org\/apply\/guide\/#special-issues\">aqui<\/a>.<\/p>\n<p>&nbsp;<\/p>","protected":false},"excerpt":{"rendered":"<p>As edi\u00e7\u00f5es especiais s\u00e3o cole\u00e7\u00f5es de artigos numa tem\u00e1tica espec\u00edfica. Essa cole\u00e7\u00e3o de artigo normalmente s\u00e3o gerenciadas por editores convidados e destacam trabalhos importantes e atuais em um nicho de pesquisa espec\u00edfico. Os crit\u00e9rios s\u00e3o: \u00a0O editor-chefe deve ser o respons\u00e1vel pelo conte\u00fado de toda a revista, inclusive os n\u00fameros especiais que precisam estar no [&hellip;]<\/p>\n","protected":false},"author":6,"featured_media":0,"comment_status":"open","ping_status":"open","sticky":false,"template":"","format":"standard","meta":{"footnotes":""},"categories":[3],"tags":[],"class_list":["post-4431","post","type-post","status-publish","format-standard","hentry","category-noticias"],"_links":{"self":[{"href":"https:\/\/www.ufmg.br\/periodicos\/wp-json\/wp\/v2\/posts\/4431","targetHints":{"allow":["GET"]}}],"collection":[{"href":"https:\/\/www.ufmg.br\/periodicos\/wp-json\/wp\/v2\/posts"}],"about":[{"href":"https:\/\/www.ufmg.br\/periodicos\/wp-json\/wp\/v2\/types\/post"}],"author":[{"embeddable":true,"href":"https:\/\/www.ufmg.br\/periodicos\/wp-json\/wp\/v2\/users\/6"}],"replies":[{"embeddable":true,"href":"https:\/\/www.ufmg.br\/periodicos\/wp-json\/wp\/v2\/comments?post=4431"}],"version-history":[{"count":2,"href":"https:\/\/www.ufmg.br\/periodicos\/wp-json\/wp\/v2\/posts\/4431\/revisions"}],"predecessor-version":[{"id":4433,"href":"https:\/\/www.ufmg.br\/periodicos\/wp-json\/wp\/v2\/posts\/4431\/revisions\/4433"}],"wp:attachment":[{"href":"https:\/\/www.ufmg.br\/periodicos\/wp-json\/wp\/v2\/media?parent=4431"}],"wp:term":[{"taxonomy":"category","embeddable":true,"href":"https:\/\/www.ufmg.br\/periodicos\/wp-json\/wp\/v2\/categories?post=4431"},{"taxonomy":"post_tag","embeddable":true,"href":"https:\/\/www.ufmg.br\/periodicos\/wp-json\/wp\/v2\/tags?post=4431"}],"curies":[{"name":"wp","href":"https:\/\/api.w.org\/{rel}","templated":true}]}}