{"id":4539,"date":"2025-05-09T15:40:12","date_gmt":"2025-05-09T18:40:12","guid":{"rendered":"https:\/\/www.ufmg.br\/periodicos\/?p=4539"},"modified":"2025-05-09T15:40:41","modified_gmt":"2025-05-09T18:40:41","slug":"vii-ciclo-de-debates-periodicos-ufsc","status":"publish","type":"post","link":"https:\/\/www.ufmg.br\/periodicos\/vii-ciclo-de-debates-periodicos-ufsc\/","title":{"rendered":"VII Ciclo de Debates Peri\u00f3dicos UFSC\u00a0"},"content":{"rendered":"\n<p>Nos dias 13, 14 e 15 de maio de 2025 acontecer\u00e1 o VII Ciclo de Debates Peri\u00f3dicos UFSC com o objetivo de proporcionar aos participantes o acesso \u00e0s principais inova\u00e7\u00f5es em torno do gerenciamento de peri\u00f3dicos cient\u00edficos e portais de peri\u00f3dicos, sobretudo \u00e0 troca de experi\u00eancia entre editores, docentes, bibliotec\u00e1rios, pesquisadores e demais interessados.<\/p>\n\n\n\n<p>No dia 13, Diego Abadan falar\u00e1 sobre o Open Journal System (OJS) 3.5 e Ricardo Limongi abordar\u00e1 a Intelig\u00eancia artificial e editora\u00e7\u00e3o dos peri\u00f3dicos cient\u00edficos. No dia 14, as tem\u00e1ticas ser\u00e3o As m\u00e9tricas alternativas como forma de medir o impacto das produ\u00e7\u00f5es cient\u00edficas proferida pela Germana Barata e Avalia\u00e7\u00e3o por pares: desafios e tend\u00eancias por Paula Carina de Ara\u00fajo. E no \u00faltimo dia, 15, o Walter Couto apresentar\u00e1 sobre Prote\u00e7\u00e3o de dados em peri\u00f3dicos: LGPD, bases de dados e \u00e9tica cient\u00edfica.<\/p>\n\n\n\n<p>O evento \u00e9 gratuito e para receber certificado \u00e9 necess\u00e1rio fazer a inscri\u00e7\u00e3o <a href=\"https:\/\/inscricoes.ufsc.br\/ciclo-debates-periodicos\">aqui<\/a>.<\/p>\n\n\n\n<p><\/p>\n","protected":false},"excerpt":{"rendered":"<p>Nos dias 13, 14 e 15 de maio de 2025 acontecer\u00e1 o VII Ciclo de Debates Peri\u00f3dicos UFSC com o objetivo de proporcionar aos participantes o acesso \u00e0s principais inova\u00e7\u00f5es em torno do gerenciamento de peri\u00f3dicos cient\u00edficos e portais de peri\u00f3dicos, sobretudo \u00e0 troca de experi\u00eancia entre editores, docentes, bibliotec\u00e1rios, pesquisadores e demais interessados. No [&hellip;]<\/p>\n","protected":false},"author":6,"featured_media":0,"comment_status":"open","ping_status":"open","sticky":false,"template":"","format":"standard","meta":{"footnotes":""},"categories":[3],"tags":[],"class_list":["post-4539","post","type-post","status-publish","format-standard","hentry","category-noticias"],"_links":{"self":[{"href":"https:\/\/www.ufmg.br\/periodicos\/wp-json\/wp\/v2\/posts\/4539","targetHints":{"allow":["GET"]}}],"collection":[{"href":"https:\/\/www.ufmg.br\/periodicos\/wp-json\/wp\/v2\/posts"}],"about":[{"href":"https:\/\/www.ufmg.br\/periodicos\/wp-json\/wp\/v2\/types\/post"}],"author":[{"embeddable":true,"href":"https:\/\/www.ufmg.br\/periodicos\/wp-json\/wp\/v2\/users\/6"}],"replies":[{"embeddable":true,"href":"https:\/\/www.ufmg.br\/periodicos\/wp-json\/wp\/v2\/comments?post=4539"}],"version-history":[{"count":2,"href":"https:\/\/www.ufmg.br\/periodicos\/wp-json\/wp\/v2\/posts\/4539\/revisions"}],"predecessor-version":[{"id":4541,"href":"https:\/\/www.ufmg.br\/periodicos\/wp-json\/wp\/v2\/posts\/4539\/revisions\/4541"}],"wp:attachment":[{"href":"https:\/\/www.ufmg.br\/periodicos\/wp-json\/wp\/v2\/media?parent=4539"}],"wp:term":[{"taxonomy":"category","embeddable":true,"href":"https:\/\/www.ufmg.br\/periodicos\/wp-json\/wp\/v2\/categories?post=4539"},{"taxonomy":"post_tag","embeddable":true,"href":"https:\/\/www.ufmg.br\/periodicos\/wp-json\/wp\/v2\/tags?post=4539"}],"curies":[{"name":"wp","href":"https:\/\/api.w.org\/{rel}","templated":true}]}}