{"id":4585,"date":"2026-01-14T09:36:41","date_gmt":"2026-01-14T12:36:41","guid":{"rendered":"https:\/\/www.ufmg.br\/periodicos\/?p=4585"},"modified":"2026-01-14T09:38:23","modified_gmt":"2026-01-14T12:38:23","slug":"capes-publica-resultados-preliminares-da-nova-classificacao","status":"publish","type":"post","link":"https:\/\/www.ufmg.br\/periodicos\/capes-publica-resultados-preliminares-da-nova-classificacao\/","title":{"rendered":"CAPES publica resultados preliminares da nova classifica\u00e7\u00e3o"},"content":{"rendered":"\n<p>Prezados editores, primeiramente, desejamos a todos um excelente 2026, repleto de conquistas e de uma parceria cada vez mais s\u00f3lida.<\/p>\n\n\n\n<p>Aproveitamos a oportunidade para informar que a <a href=\"https:\/\/www.gov.br\/capes\/pt-br\">CAPES <\/a>(Coordena\u00e7\u00e3o de Aperfei\u00e7oamento de Pessoal de N\u00edvel Superior) divulgou, no dia 12 de janeiro de 2026, a classifica\u00e7\u00e3o preliminar dos peri\u00f3dicos cient\u00edficos referente ao <a href=\"https:\/\/sucupira-legado.capes.gov.br\/sucupira\/public\/consultas\/coleta\/veiculoPublicacaoQualis\/listaConsultaGeralPeriodicos.jsf\">quadri\u00eanio 2021-2024.<\/a> Essa classifica\u00e7\u00e3o \u00e9 um passo fundamental no processo de avalia\u00e7\u00e3o da qualidade das publica\u00e7\u00f5es que sustentam a pesquisa acad\u00eamica brasileira.<\/p>\n\n\n\n<p>O resultado apresenta uma an\u00e1lise detalhada baseada em crit\u00e9rios como relev\u00e2ncia e impacto nas respectivas \u00e1reas de conhecimento. Vale ressaltar que institui\u00e7\u00f5es e pesquisadores ter\u00e3o um prazo para apresentar eventuais contesta\u00e7\u00f5es aos resultados preliminares. A classifica\u00e7\u00e3o final ser\u00e1 publicada ap\u00f3s a an\u00e1lise dessas manifesta\u00e7\u00f5es.<\/p>\n\n\n\n<p>Para mais detalhes, recomendamos acompanhar as atualiza\u00e7\u00f5es e orienta\u00e7\u00f5es diretamente no site oficial da <a href=\"https:\/\/www.gov.br\/capes\/pt-br\/acesso-a-informacao\/acoes-e-programas\/avaliacao\/avaliacao-quadrienal\/avaliacao-quadrienal-2021-2024-conteudos\/fluxo-de-acoes-para-a-avaliacao-quadrienal-2021-2024#section42\">CAPES<\/a>.<\/p>\n\n\n\n<p class=\"has-text-align-right\">Carla Vieira &#8211; Bibliotec\u00e1ria<\/p>\n\n\n\n<p><\/p>\n","protected":false},"excerpt":{"rendered":"<p>Prezados editores, primeiramente, desejamos a todos um excelente 2026, repleto de conquistas e de uma parceria cada vez mais s\u00f3lida. Aproveitamos a oportunidade para informar que a CAPES (Coordena\u00e7\u00e3o de Aperfei\u00e7oamento de Pessoal de N\u00edvel Superior) divulgou, no dia 12 de janeiro de 2026, a classifica\u00e7\u00e3o preliminar dos peri\u00f3dicos cient\u00edficos referente ao quadri\u00eanio 2021-2024. Essa [&hellip;]<\/p>\n","protected":false},"author":6,"featured_media":0,"comment_status":"open","ping_status":"open","sticky":false,"template":"","format":"standard","meta":{"footnotes":""},"categories":[3],"tags":[],"class_list":["post-4585","post","type-post","status-publish","format-standard","hentry","category-noticias"],"_links":{"self":[{"href":"https:\/\/www.ufmg.br\/periodicos\/wp-json\/wp\/v2\/posts\/4585","targetHints":{"allow":["GET"]}}],"collection":[{"href":"https:\/\/www.ufmg.br\/periodicos\/wp-json\/wp\/v2\/posts"}],"about":[{"href":"https:\/\/www.ufmg.br\/periodicos\/wp-json\/wp\/v2\/types\/post"}],"author":[{"embeddable":true,"href":"https:\/\/www.ufmg.br\/periodicos\/wp-json\/wp\/v2\/users\/6"}],"replies":[{"embeddable":true,"href":"https:\/\/www.ufmg.br\/periodicos\/wp-json\/wp\/v2\/comments?post=4585"}],"version-history":[{"count":4,"href":"https:\/\/www.ufmg.br\/periodicos\/wp-json\/wp\/v2\/posts\/4585\/revisions"}],"predecessor-version":[{"id":4593,"href":"https:\/\/www.ufmg.br\/periodicos\/wp-json\/wp\/v2\/posts\/4585\/revisions\/4593"}],"wp:attachment":[{"href":"https:\/\/www.ufmg.br\/periodicos\/wp-json\/wp\/v2\/media?parent=4585"}],"wp:term":[{"taxonomy":"category","embeddable":true,"href":"https:\/\/www.ufmg.br\/periodicos\/wp-json\/wp\/v2\/categories?post=4585"},{"taxonomy":"post_tag","embeddable":true,"href":"https:\/\/www.ufmg.br\/periodicos\/wp-json\/wp\/v2\/tags?post=4585"}],"curies":[{"name":"wp","href":"https:\/\/api.w.org\/{rel}","templated":true}]}}