{"id":500,"date":"2016-02-19T11:55:32","date_gmt":"2016-02-19T13:55:32","guid":{"rendered":"https:\/\/www.ufmg.br\/periodicos\/?p=500"},"modified":"2016-02-19T10:15:45","modified_gmt":"2016-02-19T12:15:45","slug":"chamada-de-artigos-revista-outramargem","status":"publish","type":"post","link":"https:\/\/www.ufmg.br\/periodicos\/chamada-de-artigos-revista-de-filosofia-outramargem\/","title":{"rendered":"Chamada de artigos: Revista Outramargem"},"content":{"rendered":"<p>A Outramargem: revista de filosofia\u00a0convida pesquisadores de Filosofia e \u00e1reas afins a submeterem artigos, resenhas e tradu\u00e7\u00f5es at\u00e9 o dia 30 de mar\u00e7o de 2016, para sua quarta edi\u00e7\u00e3o, a ser publicada no primeiro semestre de 2016. \u00a0A revista\u00a0\u00e9 uma publica\u00e7\u00e3o eletr\u00f4nica internacional fundada por iniciativa de discentes do Programa de P\u00f3s-Gradua\u00e7\u00e3o em Filosofia da Universidade Federal de Minas Gerais (UFMG).<span style=\"color: #000000;\">\u00a0<a href=\"http:\/\/outramargem.com\/\">Mais detalhes aqui.<\/a><\/span><\/p>","protected":false},"excerpt":{"rendered":"<p>A Outramargem: revista de filosofia\u00a0convida pesquisadores de Filosofia e \u00e1reas afins a submeterem artigos, resenhas e tradu\u00e7\u00f5es at\u00e9 o dia 30 de mar\u00e7o de 2016, para sua quarta edi\u00e7\u00e3o, a ser publicada no primeiro semestre de 2016. \u00a0A revista\u00a0\u00e9 uma publica\u00e7\u00e3o eletr\u00f4nica internacional fundada por iniciativa de discentes do Programa de P\u00f3s-Gradua\u00e7\u00e3o em Filosofia da [&hellip;]<\/p>\n","protected":false},"author":3,"featured_media":0,"comment_status":"open","ping_status":"open","sticky":false,"template":"","format":"standard","meta":{"footnotes":""},"categories":[3],"tags":[],"class_list":["post-500","post","type-post","status-publish","format-standard","hentry","category-noticias"],"_links":{"self":[{"href":"https:\/\/www.ufmg.br\/periodicos\/wp-json\/wp\/v2\/posts\/500","targetHints":{"allow":["GET"]}}],"collection":[{"href":"https:\/\/www.ufmg.br\/periodicos\/wp-json\/wp\/v2\/posts"}],"about":[{"href":"https:\/\/www.ufmg.br\/periodicos\/wp-json\/wp\/v2\/types\/post"}],"author":[{"embeddable":true,"href":"https:\/\/www.ufmg.br\/periodicos\/wp-json\/wp\/v2\/users\/3"}],"replies":[{"embeddable":true,"href":"https:\/\/www.ufmg.br\/periodicos\/wp-json\/wp\/v2\/comments?post=500"}],"version-history":[{"count":4,"href":"https:\/\/www.ufmg.br\/periodicos\/wp-json\/wp\/v2\/posts\/500\/revisions"}],"predecessor-version":[{"id":505,"href":"https:\/\/www.ufmg.br\/periodicos\/wp-json\/wp\/v2\/posts\/500\/revisions\/505"}],"wp:attachment":[{"href":"https:\/\/www.ufmg.br\/periodicos\/wp-json\/wp\/v2\/media?parent=500"}],"wp:term":[{"taxonomy":"category","embeddable":true,"href":"https:\/\/www.ufmg.br\/periodicos\/wp-json\/wp\/v2\/categories?post=500"},{"taxonomy":"post_tag","embeddable":true,"href":"https:\/\/www.ufmg.br\/periodicos\/wp-json\/wp\/v2\/tags?post=500"}],"curies":[{"name":"wp","href":"https:\/\/api.w.org\/{rel}","templated":true}]}}