{"id":529,"date":"2016-03-07T11:55:07","date_gmt":"2016-03-07T14:55:07","guid":{"rendered":"https:\/\/www.ufmg.br\/periodicos\/?p=529"},"modified":"2016-03-08T15:26:03","modified_gmt":"2016-03-08T18:26:03","slug":"chamada-de-artigos-revista-trabalho-e-educacao","status":"publish","type":"post","link":"https:\/\/www.ufmg.br\/periodicos\/chamada-de-artigos-revista-trabalho-e-educacao\/","title":{"rendered":"Chamada de artigos: Revista Trabalho e Educa\u00e7\u00e3o"},"content":{"rendered":"<p><center><\/p>\n<div id=\"attachment_533\" style=\"width: 218px\" class=\"wp-caption aligncenter\"><a href=\"https:\/\/www.ufmg.br\/periodicos\/wp-content\/files\/2016\/03\/cover_issue_99_pt_BR.jpg\"><img loading=\"lazy\" decoding=\"async\" aria-describedby=\"caption-attachment-533\" class=\"wp-image-533 size-medium\" src=\"https:\/\/www.ufmg.br\/periodicos\/wp-content\/files\/2016\/03\/cover_issue_99_pt_BR-208x300.jpg\" alt=\"cover_issue_99_pt_BR\" width=\"208\" height=\"300\" srcset=\"https:\/\/www.ufmg.br\/periodicos\/wp-content\/files\/2016\/03\/cover_issue_99_pt_BR-208x300.jpg 208w, https:\/\/www.ufmg.br\/periodicos\/wp-content\/files\/2016\/03\/cover_issue_99_pt_BR.jpg 470w\" sizes=\"auto, (max-width: 208px) 100vw, 208px\" \/><\/a><p id=\"caption-attachment-533\" class=\"wp-caption-text\"><span style=\"font-size: medium;\"> Revista Trabalho e Educa\u00e7\u00e3o<\/span><\/p><\/div>\n<p><\/center>A Equipe Editorial\u00a0da Revista Trabalho e Educa\u00e7\u00e3o anunciam a chamada de novas submiss\u00f5es para o per\u00edodo 2016\/2017.\u00a0A revista\u00a0\u00e9 um peri\u00f3dico quadrimestral, publicado por docentes e pesquisadores que atuam no NETE, o N\u00facleo de Estudos sobre Trabalho e Educa\u00e7\u00e3o, no Programa de P\u00f3s-Gradua\u00e7\u00e3o da FaE &#8211; Faculdade de Educa\u00e7\u00e3o e em outros setores da UFMG &#8211; Universidade Federal de Minas Gerais.\u00a0<a href=\"http:\/\/www.portal.fae.ufmg.br\/seer\/index.php\/trabedu\/about\/submissions\">Mais detalhes aqui.<\/a><\/p>","protected":false},"excerpt":{"rendered":"<p>A Equipe Editorial\u00a0da Revista Trabalho e Educa\u00e7\u00e3o anunciam a chamada de novas submiss\u00f5es para o per\u00edodo 2016\/2017.\u00a0A revista\u00a0\u00e9 um peri\u00f3dico quadrimestral, publicado por docentes e pesquisadores que atuam no NETE, o N\u00facleo de Estudos sobre Trabalho e Educa\u00e7\u00e3o, no Programa de P\u00f3s-Gradua\u00e7\u00e3o da FaE &#8211; Faculdade de Educa\u00e7\u00e3o e em outros setores da UFMG &#8211; [&hellip;]<\/p>\n","protected":false},"author":3,"featured_media":0,"comment_status":"open","ping_status":"open","sticky":false,"template":"","format":"standard","meta":{"footnotes":""},"categories":[3],"tags":[],"class_list":["post-529","post","type-post","status-publish","format-standard","hentry","category-noticias"],"_links":{"self":[{"href":"https:\/\/www.ufmg.br\/periodicos\/wp-json\/wp\/v2\/posts\/529","targetHints":{"allow":["GET"]}}],"collection":[{"href":"https:\/\/www.ufmg.br\/periodicos\/wp-json\/wp\/v2\/posts"}],"about":[{"href":"https:\/\/www.ufmg.br\/periodicos\/wp-json\/wp\/v2\/types\/post"}],"author":[{"embeddable":true,"href":"https:\/\/www.ufmg.br\/periodicos\/wp-json\/wp\/v2\/users\/3"}],"replies":[{"embeddable":true,"href":"https:\/\/www.ufmg.br\/periodicos\/wp-json\/wp\/v2\/comments?post=529"}],"version-history":[{"count":14,"href":"https:\/\/www.ufmg.br\/periodicos\/wp-json\/wp\/v2\/posts\/529\/revisions"}],"predecessor-version":[{"id":570,"href":"https:\/\/www.ufmg.br\/periodicos\/wp-json\/wp\/v2\/posts\/529\/revisions\/570"}],"wp:attachment":[{"href":"https:\/\/www.ufmg.br\/periodicos\/wp-json\/wp\/v2\/media?parent=529"}],"wp:term":[{"taxonomy":"category","embeddable":true,"href":"https:\/\/www.ufmg.br\/periodicos\/wp-json\/wp\/v2\/categories?post=529"},{"taxonomy":"post_tag","embeddable":true,"href":"https:\/\/www.ufmg.br\/periodicos\/wp-json\/wp\/v2\/tags?post=529"}],"curies":[{"name":"wp","href":"https:\/\/api.w.org\/{rel}","templated":true}]}}