{"id":546,"date":"2016-03-07T16:55:23","date_gmt":"2016-03-07T19:55:23","guid":{"rendered":"https:\/\/www.ufmg.br\/periodicos\/?p=546"},"modified":"2016-03-18T09:13:47","modified_gmt":"2016-03-18T12:13:47","slug":"chamada-revista-da-faculdade-de-direito-da-ufmg","status":"publish","type":"post","link":"https:\/\/www.ufmg.br\/periodicos\/chamada-revista-da-faculdade-de-direito-da-ufmg\/","title":{"rendered":"Chamada de artigos: Revista da Faculdade de Direito da UFMG"},"content":{"rendered":"<p><center><\/p>\n<p><div id=\"attachment_548\" style=\"width: 215px\" class=\"wp-caption aligncenter\"><a href=\"https:\/\/www.ufmg.br\/periodicos\/wp-content\/files\/2016\/03\/capa_66.jpg\"><img loading=\"lazy\" decoding=\"async\" aria-describedby=\"caption-attachment-548\" class=\"size-medium wp-image-548\" src=\"https:\/\/www.ufmg.br\/periodicos\/wp-content\/files\/2016\/03\/capa_66-205x300.jpg\" alt=\"Revista da Faculdade de Direito da UFMG\" width=\"205\" height=\"300\" srcset=\"https:\/\/www.ufmg.br\/periodicos\/wp-content\/files\/2016\/03\/capa_66-205x300.jpg 205w, https:\/\/www.ufmg.br\/periodicos\/wp-content\/files\/2016\/03\/capa_66.jpg 627w\" sizes=\"auto, (max-width: 205px) 100vw, 205px\" \/><\/a><p id=\"caption-attachment-548\" class=\"wp-caption-text\"><span style=\"font-size: medium;\">Revista da Faculdade de Direito da UFMG <\/span><\/p><\/div><\/center><\/p>\n<p>O Conselho Editorial da Revista da Faculdade de Direito da UFMG comunica que o prazo para envio de textos para o n\u00famero 69 foi prorrogado para at\u00e9 o dia 31 de mar\u00e7o de 2016.\u00a0A Revista, de periodicidade semestral, tem como objetivo primordial veicular os artigos de colaboradores nacionais e internacionais bem como de professores da pr\u00f3pria Faculdade de Direito da UFMG.\u00a0As colabora\u00e7\u00f5es devem ser enviadas para o e-mail revista@direito.ufmg.br.\u00a0<a href=\"http:\/\/www.direito.ufmg.br\/revista\/index.php\/revista\/about\/editorialPolicies#custom-3\">Mais detalhes aqui.<\/a><\/p>","protected":false},"excerpt":{"rendered":"<p>O Conselho Editorial da Revista da Faculdade de Direito da UFMG comunica que o prazo para envio de textos para o n\u00famero 69 foi prorrogado para at\u00e9 o dia 31 de mar\u00e7o de 2016.\u00a0A Revista, de periodicidade semestral, tem como objetivo primordial veicular os artigos de colaboradores nacionais e internacionais bem como de professores da [&hellip;]<\/p>\n","protected":false},"author":3,"featured_media":0,"comment_status":"open","ping_status":"open","sticky":false,"template":"","format":"standard","meta":{"footnotes":""},"categories":[3],"tags":[],"class_list":["post-546","post","type-post","status-publish","format-standard","hentry","category-noticias"],"_links":{"self":[{"href":"https:\/\/www.ufmg.br\/periodicos\/wp-json\/wp\/v2\/posts\/546","targetHints":{"allow":["GET"]}}],"collection":[{"href":"https:\/\/www.ufmg.br\/periodicos\/wp-json\/wp\/v2\/posts"}],"about":[{"href":"https:\/\/www.ufmg.br\/periodicos\/wp-json\/wp\/v2\/types\/post"}],"author":[{"embeddable":true,"href":"https:\/\/www.ufmg.br\/periodicos\/wp-json\/wp\/v2\/users\/3"}],"replies":[{"embeddable":true,"href":"https:\/\/www.ufmg.br\/periodicos\/wp-json\/wp\/v2\/comments?post=546"}],"version-history":[{"count":7,"href":"https:\/\/www.ufmg.br\/periodicos\/wp-json\/wp\/v2\/posts\/546\/revisions"}],"predecessor-version":[{"id":552,"href":"https:\/\/www.ufmg.br\/periodicos\/wp-json\/wp\/v2\/posts\/546\/revisions\/552"}],"wp:attachment":[{"href":"https:\/\/www.ufmg.br\/periodicos\/wp-json\/wp\/v2\/media?parent=546"}],"wp:term":[{"taxonomy":"category","embeddable":true,"href":"https:\/\/www.ufmg.br\/periodicos\/wp-json\/wp\/v2\/categories?post=546"},{"taxonomy":"post_tag","embeddable":true,"href":"https:\/\/www.ufmg.br\/periodicos\/wp-json\/wp\/v2\/tags?post=546"}],"curies":[{"name":"wp","href":"https:\/\/api.w.org\/{rel}","templated":true}]}}