{"id":556,"date":"2016-03-08T13:25:17","date_gmt":"2016-03-08T16:25:17","guid":{"rendered":"https:\/\/www.ufmg.br\/periodicos\/?p=556"},"modified":"2016-04-18T16:11:32","modified_gmt":"2016-04-18T19:11:32","slug":"participacao-feminina-nos-periodicos-da-ufmg","status":"publish","type":"post","link":"https:\/\/www.ufmg.br\/periodicos\/participacao-feminina-nos-periodicos-da-ufmg\/","title":{"rendered":"Participa\u00e7\u00e3o feminina nos peri\u00f3dicos da UFMG"},"content":{"rendered":"<p><span style=\"font-weight: 400;\">Durante muito tempo a carreira de cientista foi considerada uma profiss\u00e3o culturalmente masculina e inadequada para as mulheres. De acordo com as pesquisadoras <\/span><span style=\"font-weight: 400;\">Fabiane Silva, da Universidade Federal do Rio Grande (FURG), e Paula Ribeiro, da Universidade Federal do Rio Grande do Sul (UFRGS)<\/span><span style=\"font-weight: 400;\">, o potencial intelectual das mulheres era considerado inferior em rela\u00e7\u00e3o ao dos homens devido a teorias que apontavam diferen\u00e7as anat\u00f4micas e fisiol\u00f3gicas entre os g\u00eaneros. Apesar disso, muitas delas atuaram efetivamente na produ\u00e7\u00e3o e na divulga\u00e7\u00e3o do conhecimento cient\u00edfico de sua \u00e9poca.<\/span><\/p>\n<p><span style=\"font-weight: 400;\">Nas \u00faltimas d\u00e9cadas<\/span><span style=\"font-weight: 400;\"> houve um aumento significativo da participa\u00e7\u00e3o das mulheres nas universidades brasileiras como docentes e pesquisadoras. Al\u00e9m disso, segundo dados do \u00faltimo Censo de Educa\u00e7\u00e3o Superior, realizado em 2013 pelo <\/span><span style=\"font-weight: 400;\">Instituto Nacional de Estudos e Pesquisas Educacionais An\u00edsio Teixeira (Inep), o n\u00famero de mulheres concluintes em cursos de gradua\u00e7\u00e3o no Brasil j\u00e1 ultrapassa o n\u00famero de homens &#8211; 59,2% e 40,8%, respectivamente. \u00a0<\/span><span style=\"font-weight: 400;\">Esse significativo crescimento demonstra a iniciativa das mulheres em avan\u00e7arem na carreira e alcan\u00e7arem o mesmo patamar dos homens.<\/span><\/p>\n<p><span style=\"font-weight: 400;\">No \u00e2mbito dos peri\u00f3dicos cient\u00edficos, as equipes editoriais dos principais peri\u00f3dicos brasileiros s\u00e3o majoritariamente constitu\u00eddas por homens. Na UFMG, entretanto, mais de 40% das pesquisadoras exercem a fun\u00e7\u00e3o de editora-chefe. Essas cientistas desempenham papel fundamental na produ\u00e7\u00e3o e manuten\u00e7\u00e3o dessas revistas e do campo acad\u00eamico cient\u00edfico na universidade.<\/span><\/p>\n<p><span style=\"font-weight: 400;\">Buscando dar visibilidade ao trabalho realizado por pesquisadoras na UFMG, ao longo dos pr\u00f3ximos dias divulgaremos a s\u00e9rie de mat\u00e9rias \u201cPesquisadora em Foco\u201d, tra\u00e7ando um breve panorama sobre a <\/span><span style=\"font-weight: 400;\">participa\u00e7\u00e3o feminina na editora\u00e7\u00e3o de peri\u00f3dicos cient\u00edficos da universidade atualmente<\/span><span style=\"font-weight: 400;\">, seja como editoras, revisoras e\/ou assistentes.<\/span><\/p>\n<p><center><span style=\"line-height: 1.5;\"><a href=\"https:\/\/www.ufmg.br\/periodicos\/wp-content\/files\/2016\/03\/n\u00famero-de-mulheres.png\"><img loading=\"lazy\" decoding=\"async\" class=\"alignnone size-medium wp-image-560\" src=\"https:\/\/www.ufmg.br\/periodicos\/wp-content\/files\/2016\/03\/n\u00famero-de-mulheres-300x259.png\" alt=\"n\u00famero de mulheres\" width=\"300\" height=\"259\" srcset=\"https:\/\/www.ufmg.br\/periodicos\/wp-content\/files\/2016\/03\/n\u00famero-de-mulheres-300x259.png 300w, https:\/\/www.ufmg.br\/periodicos\/wp-content\/files\/2016\/03\/n\u00famero-de-mulheres.png 378w\" sizes=\"auto, (max-width: 300px) 100vw, 300px\" \/><\/a>\u00a0<a href=\"https:\/\/www.ufmg.br\/periodicos\/wp-content\/files\/2016\/03\/PORCENTAGEM.png\"><img loading=\"lazy\" decoding=\"async\" class=\"alignnone size-medium wp-image-559\" src=\"https:\/\/www.ufmg.br\/periodicos\/wp-content\/files\/2016\/03\/PORCENTAGEM-300x257.png\" alt=\"PORCENTAGEM\" width=\"300\" height=\"257\" srcset=\"https:\/\/www.ufmg.br\/periodicos\/wp-content\/files\/2016\/03\/PORCENTAGEM-300x257.png 300w, https:\/\/www.ufmg.br\/periodicos\/wp-content\/files\/2016\/03\/PORCENTAGEM.png 382w\" sizes=\"auto, (max-width: 300px) 100vw, 300px\" \/><\/a>\u00a0\u00a0<\/span><\/center><center>\u00a0Fonte: dados retirados do Portal Peri\u00f3dicos UFMG durante o m\u00eas de mar\u00e7o.<\/center>&nbsp;<\/p>\n<p><b>Refer\u00eancias<\/b><\/p>\n<p><span style=\"font-weight: 400;\">MEC\/INEP &#8211; Minist\u00e9rio da Educa\u00e7\u00e3o\/<\/span><span style=\"font-weight: 400;\">Instituto Nacional de Estudos e Pesquisas Educacionais An\u00edsio Teixeira. <\/span><b>Censo da Educa\u00e7\u00e3o Superior 2013<\/b><span style=\"font-weight: 400;\">. Dispon\u00edvel em: &lt;https:\/\/www.ufmg.br\/dai\/textos\/coletiva_censo_superior_2013.pdf&gt;. Acesso em: 5 de mar. 2016.<\/span><\/p>\n<p><span style=\"font-weight: 400;\">SILVA, Fabiane Ferreira; RIBEIRO, Paula Regina Costa. A Participa\u00e7\u00e3o das mulheres na ci\u00eancia: problematiza\u00e7\u00f5es sobre as diferen\u00e7as de g\u00eanero. <\/span><b>Revista Labrys Estudos Feministas<\/b><span style=\"font-weight: 400;\">, n. 10, jul.\/dez. 2011. Dispon\u00edvel em:<\/span><span style=\"font-weight: 400;\">&lt;<a href=\"http:\/\/www.labrys.net.br\/labrys20\/brasil\/fabiene.htm\">file:\/\/\/C:\/Documents%20and%20Settings\/prpq\/Meus%20documentos\/Downloads\/labrys_fabi.pdf<\/a>&gt;. Acesso em 5 de mar\u00e7o de 2016.<\/span><\/p>\n<p style=\"text-align: right;\">Isabelle Chagas<\/p>\n<p><\/p>","protected":false},"excerpt":{"rendered":"<p>Durante muito tempo a carreira de cientista foi considerada uma profiss\u00e3o culturalmente masculina e inadequada para as mulheres. De acordo com as pesquisadoras Fabiane Silva, da Universidade Federal do Rio Grande (FURG), e Paula Ribeiro, da Universidade Federal do Rio Grande do Sul (UFRGS), o potencial intelectual das mulheres era considerado inferior em rela\u00e7\u00e3o ao [&hellip;]<\/p>\n","protected":false},"author":3,"featured_media":0,"comment_status":"open","ping_status":"open","sticky":false,"template":"","format":"standard","meta":{"footnotes":""},"categories":[3],"tags":[],"class_list":["post-556","post","type-post","status-publish","format-standard","hentry","category-noticias"],"_links":{"self":[{"href":"https:\/\/www.ufmg.br\/periodicos\/wp-json\/wp\/v2\/posts\/556","targetHints":{"allow":["GET"]}}],"collection":[{"href":"https:\/\/www.ufmg.br\/periodicos\/wp-json\/wp\/v2\/posts"}],"about":[{"href":"https:\/\/www.ufmg.br\/periodicos\/wp-json\/wp\/v2\/types\/post"}],"author":[{"embeddable":true,"href":"https:\/\/www.ufmg.br\/periodicos\/wp-json\/wp\/v2\/users\/3"}],"replies":[{"embeddable":true,"href":"https:\/\/www.ufmg.br\/periodicos\/wp-json\/wp\/v2\/comments?post=556"}],"version-history":[{"count":11,"href":"https:\/\/www.ufmg.br\/periodicos\/wp-json\/wp\/v2\/posts\/556\/revisions"}],"predecessor-version":[{"id":871,"href":"https:\/\/www.ufmg.br\/periodicos\/wp-json\/wp\/v2\/posts\/556\/revisions\/871"}],"wp:attachment":[{"href":"https:\/\/www.ufmg.br\/periodicos\/wp-json\/wp\/v2\/media?parent=556"}],"wp:term":[{"taxonomy":"category","embeddable":true,"href":"https:\/\/www.ufmg.br\/periodicos\/wp-json\/wp\/v2\/categories?post=556"},{"taxonomy":"post_tag","embeddable":true,"href":"https:\/\/www.ufmg.br\/periodicos\/wp-json\/wp\/v2\/tags?post=556"}],"curies":[{"name":"wp","href":"https:\/\/api.w.org\/{rel}","templated":true}]}}