{"id":638,"date":"2016-03-15T11:15:01","date_gmt":"2016-03-15T14:15:01","guid":{"rendered":"https:\/\/www.ufmg.br\/periodicos\/?p=638"},"modified":"2016-03-15T13:28:33","modified_gmt":"2016-03-15T16:28:33","slug":"pesquisadora-em-foco-sabrina-sedlmayer-editora-da-aletria","status":"publish","type":"post","link":"https:\/\/www.ufmg.br\/periodicos\/pesquisadora-em-foco-sabrina-sedlmayer-editora-da-aletria\/","title":{"rendered":"Pesquisadora em Foco: Sabrina Sedlmayer, editora da Aletria"},"content":{"rendered":"<p><center><a href=\"https:\/\/www.ufmg.br\/periodicos\/wp-content\/files\/2016\/03\/sabrina.png\"><img loading=\"lazy\" decoding=\"async\" class=\"aligncenter wp-image-639 size-full\" src=\"https:\/\/www.ufmg.br\/periodicos\/wp-content\/files\/2016\/03\/sabrina.png\" alt=\"sabrina\" width=\"668\" height=\"567\" srcset=\"https:\/\/www.ufmg.br\/periodicos\/wp-content\/files\/2016\/03\/sabrina.png 668w, https:\/\/www.ufmg.br\/periodicos\/wp-content\/files\/2016\/03\/sabrina-300x255.png 300w\" sizes=\"auto, (max-width: 668px) 100vw, 668px\" \/><\/a><\/center><\/p>\n<p>Sabrina Sedlmayer \u00e9 professora associada da Faculdade de Letras da UFMG e editora da revista Aletria desde 2013, peri\u00f3dico do Programa de P\u00f3s-Gradua\u00e7\u00e3o em Estudos Liter\u00e1rios e especializado em Estudos Liter\u00e1rios e Culturais. Criada em 1993, a revista tem periodicidade quadrimestral e atualmente \u00e9 classificada no estrato Qualis A1 pelo sistema de avalia\u00e7\u00e3o da Coordena\u00e7\u00e3o de Aperfei\u00e7oamento de Pessoal de Ensino Superior (Capes).<\/p>\n<p>Em sua trajet\u00f3ria, a pesquisadora tem atuado como revisora e parecerista de diversos peri\u00f3dicos cient\u00edficos da UFMG e de outras universidades brasileiras. No final da d\u00e9cada de 1990, ela participou da cria\u00e7\u00e3o da Devires, revista do Departamento de Comunica\u00e7\u00e3o Social da UFMG, e hoje atua como parecerista. Sedlmayer destaca a import\u00e2ncia da revista no in\u00edcio de suas atividades editoriais em peri\u00f3dicos cient\u00edficos: \u201cse fosse pensar em um come\u00e7o para as minhas atividades editoriais, seria esse: em devir, \u2018movimento pelo qual as coisas se transformam\u2019\u201d, ep\u00edgrafe do primeiro n\u00famero do peri\u00f3dico, lan\u00e7ado em 1999.<\/p>\n<p>Sabrina Sedlmayer ressalta que, devido \u00e0 quantidade expressiva de mulheres atuando como docentes e pesquisadoras em sua \u00e1rea, a de Letras e Lingu\u00edstica, h\u00e1 tamb\u00e9m um n\u00famero significativo de mulheres atuando no campo editorial. Al\u00e9m disso, a participa\u00e7\u00e3o feminina tamb\u00e9m \u00e9 de suma import\u00e2ncia no Setor de Peri\u00f3dicos da Faculdade de Letras, no qual trabalham duas t\u00e9cnicas-administrativas, Ursula Massula e Alda Lopes, \u201cmulheres de grande compet\u00eancia\u201d, salienta a pesquisadora. Dessa forma, para Sedlmayer, \u201ca participa\u00e7\u00e3o feminina no campo acad\u00eamico cient\u00edfico envolve toda o processo editorial: desde a autoria, passando depois para o recebimento\/ avalia\u00e7\u00e3o cr\u00edtica\/ revis\u00e3o\/formata\u00e7\u00e3o at\u00e9 a publica\u00e7\u00e3o efetiva dos textos\u201d.<\/p>\n<p>Saiba mais sobre a pesquisadora\u00a0<a href=\"http:\/\/buscatextual.cnpq.br\/buscatextual\/visualizacv.do?id=K4790572Z4\" target=\"_blank\">Sabrina Sedlmayer<\/a><\/p>\n<p>Saiba mais sobre a revista\u00a0<a href=\"http:\/\/www.periodicos.letras.ufmg.br\/index.php\/aletria\/index\" target=\"_blank\">Aletria<\/a><\/p>","protected":false},"excerpt":{"rendered":"<p>Sabrina Sedlmayer \u00e9 professora associada da Faculdade de Letras da UFMG e editora da revista Aletria desde 2013, peri\u00f3dico do Programa de P\u00f3s-Gradua\u00e7\u00e3o em Estudos Liter\u00e1rios e especializado em Estudos Liter\u00e1rios e Culturais. Criada em 1993, a revista tem periodicidade quadrimestral e atualmente \u00e9 classificada no estrato Qualis A1 pelo sistema de avalia\u00e7\u00e3o da Coordena\u00e7\u00e3o [&hellip;]<\/p>\n","protected":false},"author":3,"featured_media":0,"comment_status":"open","ping_status":"open","sticky":false,"template":"","format":"standard","meta":{"footnotes":""},"categories":[3],"tags":[],"class_list":["post-638","post","type-post","status-publish","format-standard","hentry","category-noticias"],"_links":{"self":[{"href":"https:\/\/www.ufmg.br\/periodicos\/wp-json\/wp\/v2\/posts\/638","targetHints":{"allow":["GET"]}}],"collection":[{"href":"https:\/\/www.ufmg.br\/periodicos\/wp-json\/wp\/v2\/posts"}],"about":[{"href":"https:\/\/www.ufmg.br\/periodicos\/wp-json\/wp\/v2\/types\/post"}],"author":[{"embeddable":true,"href":"https:\/\/www.ufmg.br\/periodicos\/wp-json\/wp\/v2\/users\/3"}],"replies":[{"embeddable":true,"href":"https:\/\/www.ufmg.br\/periodicos\/wp-json\/wp\/v2\/comments?post=638"}],"version-history":[{"count":6,"href":"https:\/\/www.ufmg.br\/periodicos\/wp-json\/wp\/v2\/posts\/638\/revisions"}],"predecessor-version":[{"id":646,"href":"https:\/\/www.ufmg.br\/periodicos\/wp-json\/wp\/v2\/posts\/638\/revisions\/646"}],"wp:attachment":[{"href":"https:\/\/www.ufmg.br\/periodicos\/wp-json\/wp\/v2\/media?parent=638"}],"wp:term":[{"taxonomy":"category","embeddable":true,"href":"https:\/\/www.ufmg.br\/periodicos\/wp-json\/wp\/v2\/categories?post=638"},{"taxonomy":"post_tag","embeddable":true,"href":"https:\/\/www.ufmg.br\/periodicos\/wp-json\/wp\/v2\/tags?post=638"}],"curies":[{"name":"wp","href":"https:\/\/api.w.org\/{rel}","templated":true}]}}