{"id":770,"date":"2016-03-29T11:00:57","date_gmt":"2016-03-29T14:00:57","guid":{"rendered":"https:\/\/www.ufmg.br\/periodicos\/?p=770"},"modified":"2016-03-28T13:50:34","modified_gmt":"2016-03-28T16:50:34","slug":"chamada-de-artigos-revista-docencia-do-ensino-superior","status":"publish","type":"post","link":"https:\/\/www.ufmg.br\/periodicos\/chamada-de-artigos-revista-docencia-do-ensino-superior\/","title":{"rendered":"Chamada de artigos: Revista Doc\u00eancia do Ensino Superior"},"content":{"rendered":"<p><center><a href=\"https:\/\/www.ufmg.br\/periodicos\/wp-content\/files\/2016\/03\/cover_issue_108_pt_BR.png\"><img loading=\"lazy\" decoding=\"async\" class=\"alignnone wp-image-775 \" src=\"https:\/\/www.ufmg.br\/periodicos\/wp-content\/files\/2016\/03\/cover_issue_108_pt_BR.png\" alt=\"cover_issue_108_pt_BR\" width=\"227\" height=\"325\" srcset=\"https:\/\/www.ufmg.br\/periodicos\/wp-content\/files\/2016\/03\/cover_issue_108_pt_BR.png 440w, https:\/\/www.ufmg.br\/periodicos\/wp-content\/files\/2016\/03\/cover_issue_108_pt_BR-209x300.png 209w\" sizes=\"auto, (max-width: 227px) 100vw, 227px\" \/><\/a><\/center><\/p>\n<p>A Revista Doc\u00eancia do Ensino Superior est\u00e1 com chamada aberta para trabalhos para o volume 6,\u00a0n\u00famero 2, que ser\u00e1 lan\u00e7ado em Outubro de 2016. O prazo para submiss\u00e3o \u00e9 at\u00e9\u00a0o dia 10 de maio de 2016.<\/p>\n<p>A Revista \u00e9 uma publica\u00e7\u00e3o do GIZ \u2013 Diretoria de Inova\u00e7\u00e3o e Metodologias de Ensino, vinculada \u00e0 Prograd\/UFMG, e constitui-se em mais um espa\u00e7o e f\u00f3rum de debates relacionados \u00e0 doc\u00eancia no ensino superior no contexto das inova\u00e7\u00f5es em metodologias e tecnologias de ensino.\u00a0<a href=\"https:\/\/seer.ufmg.br\/index.php\/rdes\/about\/submissions#authorGuidelines\" target=\"_blank\">Confira as normas para submiss\u00e3o.<\/a><\/p>","protected":false},"excerpt":{"rendered":"<p>A Revista Doc\u00eancia do Ensino Superior est\u00e1 com chamada aberta para trabalhos para o volume 6,\u00a0n\u00famero 2, que ser\u00e1 lan\u00e7ado em Outubro de 2016. O prazo para submiss\u00e3o \u00e9 at\u00e9\u00a0o dia 10 de maio de 2016. A Revista \u00e9 uma publica\u00e7\u00e3o do GIZ \u2013 Diretoria de Inova\u00e7\u00e3o e Metodologias de Ensino, vinculada \u00e0 Prograd\/UFMG, e [&hellip;]<\/p>\n","protected":false},"author":3,"featured_media":0,"comment_status":"open","ping_status":"open","sticky":false,"template":"","format":"standard","meta":{"footnotes":""},"categories":[3],"tags":[],"class_list":["post-770","post","type-post","status-publish","format-standard","hentry","category-noticias"],"_links":{"self":[{"href":"https:\/\/www.ufmg.br\/periodicos\/wp-json\/wp\/v2\/posts\/770","targetHints":{"allow":["GET"]}}],"collection":[{"href":"https:\/\/www.ufmg.br\/periodicos\/wp-json\/wp\/v2\/posts"}],"about":[{"href":"https:\/\/www.ufmg.br\/periodicos\/wp-json\/wp\/v2\/types\/post"}],"author":[{"embeddable":true,"href":"https:\/\/www.ufmg.br\/periodicos\/wp-json\/wp\/v2\/users\/3"}],"replies":[{"embeddable":true,"href":"https:\/\/www.ufmg.br\/periodicos\/wp-json\/wp\/v2\/comments?post=770"}],"version-history":[{"count":7,"href":"https:\/\/www.ufmg.br\/periodicos\/wp-json\/wp\/v2\/posts\/770\/revisions"}],"predecessor-version":[{"id":779,"href":"https:\/\/www.ufmg.br\/periodicos\/wp-json\/wp\/v2\/posts\/770\/revisions\/779"}],"wp:attachment":[{"href":"https:\/\/www.ufmg.br\/periodicos\/wp-json\/wp\/v2\/media?parent=770"}],"wp:term":[{"taxonomy":"category","embeddable":true,"href":"https:\/\/www.ufmg.br\/periodicos\/wp-json\/wp\/v2\/categories?post=770"},{"taxonomy":"post_tag","embeddable":true,"href":"https:\/\/www.ufmg.br\/periodicos\/wp-json\/wp\/v2\/tags?post=770"}],"curies":[{"name":"wp","href":"https:\/\/api.w.org\/{rel}","templated":true}]}}