{"id":780,"date":"2016-03-30T11:00:40","date_gmt":"2016-03-30T14:00:40","guid":{"rendered":"https:\/\/www.ufmg.br\/periodicos\/?p=780"},"modified":"2016-03-29T18:49:15","modified_gmt":"2016-03-29T21:49:15","slug":"confira-a-serie-pesquisadoraemfoco","status":"publish","type":"post","link":"https:\/\/www.ufmg.br\/periodicos\/confira-a-serie-pesquisadoraemfoco\/","title":{"rendered":"Confira a s\u00e9rie #PesquisadoraemFoco"},"content":{"rendered":"<p><center><a href=\"https:\/\/www.ufmg.br\/periodicos\/wp-content\/files\/2016\/03\/pesquisadoras.png\"><img loading=\"lazy\" decoding=\"async\" class=\"alignnone wp-image-781 \" src=\"https:\/\/www.ufmg.br\/periodicos\/wp-content\/files\/2016\/03\/pesquisadoras.png\" alt=\"pesquisadoras\" width=\"498\" height=\"374\" srcset=\"https:\/\/www.ufmg.br\/periodicos\/wp-content\/files\/2016\/03\/pesquisadoras.png 1021w, https:\/\/www.ufmg.br\/periodicos\/wp-content\/files\/2016\/03\/pesquisadoras-300x225.png 300w\" sizes=\"auto, (max-width: 498px) 100vw, 498px\" \/><\/a><\/center><\/p>\n<p>Durante o m\u00eas de mar\u00e7o conversamos com pesquisadoras da UFMG que participam da editora\u00e7\u00e3o de peri\u00f3dicos cient\u00edficos de diversas \u00e1reas do conhecimento.\u00a0A partir de suas viv\u00eancias particulares no ambiente acad\u00eamico, elas\u00a0falaram sobre suas trajet\u00f3rias dentro da universidade como docentes, pesquisadoras e editoras, os desafios que t\u00eam encontrado e as principais conquistas . Al\u00e9m disso, elas avaliaram a participa\u00e7\u00e3o da mulher no campo cient\u00edfico e quais tem sido as principais mudan\u00e7as\u00a0ocorridas nos \u00faltimos anos com o aumento significativo da participa\u00e7\u00e3o feminina na ci\u00eancia.<\/p>\n<p>Confira a s\u00e9rie:<\/p>\n<p><a href=\"https:\/\/www.ufmg.br\/periodicos\/pesquisadora-em-foco-rosaline-silva-editora-da-revista-geonomos\/\" target=\"_blank\">Rosaline Silva<\/a>, editora da Revista Geonomos<\/p>\n<p><a href=\"https:\/\/www.ufmg.br\/periodicos\/pesquisadora-em-foco-vera-menezes-editora-da-revista-brasileira-de-linguistica-aplicada\/\" target=\"_blank\">Vera Menezes<\/a>, editora da Revista Brasileira de Lingu\u00edstica Aplicada<\/p>\n<p><a href=\"https:\/\/www.ufmg.br\/periodicos\/pesquisadora-em-foco-edelzia-sousa-e-francinete-duarte-editoras-do-caderno-de-ciencias-agrarias\/\" target=\"_blank\">Ed\u00e9lzia Sousa e Francinete Duarte<\/a>, editoras do Caderno de Ci\u00eancias Agr\u00e1rias<\/p>\n<p><a href=\"https:\/\/www.ufmg.br\/periodicos\/pesquisadora-em-foco-fabiana-menezes-soares-ex-editora-da-revista-da-faculdade-de-direito-da-ufmg\/\" target=\"_blank\">Fabiana Soares<\/a>, ex-editora da Revista da Faculdade de Direito da UFMG<\/p>\n<p><a href=\"https:\/\/www.ufmg.br\/periodicos\/pesquisadora-em-foco-sabrina-sedlmayer-editora-da-aletria\/\" target=\"_blank\">Sabrina Sedlmayer<\/a>, editora da revista Aletria<\/p>\n<p><a href=\"https:\/\/www.ufmg.br\/periodicos\/pesquisadora-em-foco-rita-gusmao-editora-da-revista-lamparina-e-do-caderno-de-encenacao\/\" target=\"_blank\">Rita Gusm\u00e3o<\/a>, editora do Caderno de Encena\u00e7\u00e3o<\/p>\n<p><a href=\"https:\/\/www.ufmg.br\/periodicos\/pesquisadora-em-foco-mariana-muniz-editora-da-pos-revista-do-programa-de-pos-graduacao-em-artes\/\" target=\"_blank\">Mariana Muniz<\/a>, editora da P\u00f3s: Revista do Programa de P\u00f3s-Gradua\u00e7\u00e3o em Artes<\/p>\n<p><a href=\"https:\/\/www.ufmg.br\/periodicos\/pesquisadora-em-foco-equipe-da-revista-docencia-do-ensino-superior\/\" target=\"_blank\">Equipe editorial<\/a>\u00a0da Revista Doc\u00eancia do Ensino Superior<\/p>\n<p><a href=\"https:\/\/www.ufmg.br\/periodicos\/pesquisadora-em-foco-vera-resende-e-ana-cecilia-viana-editoras-do-arquivos-em-odontologia\/\" target=\"_blank\">Vera Resende e Ana Cec\u00edlia Viana<\/a>, editoras do Arquivos em Odontologia<\/p>","protected":false},"excerpt":{"rendered":"<p>Durante o m\u00eas de mar\u00e7o conversamos com pesquisadoras da UFMG que participam da editora\u00e7\u00e3o de peri\u00f3dicos cient\u00edficos de diversas \u00e1reas do conhecimento.\u00a0A partir de suas viv\u00eancias particulares no ambiente acad\u00eamico, elas\u00a0falaram sobre suas trajet\u00f3rias dentro da universidade como docentes, pesquisadoras e editoras, os desafios que t\u00eam encontrado e as principais conquistas . Al\u00e9m disso, elas [&hellip;]<\/p>\n","protected":false},"author":3,"featured_media":0,"comment_status":"open","ping_status":"open","sticky":false,"template":"","format":"standard","meta":{"footnotes":""},"categories":[3],"tags":[],"class_list":["post-780","post","type-post","status-publish","format-standard","hentry","category-noticias"],"_links":{"self":[{"href":"https:\/\/www.ufmg.br\/periodicos\/wp-json\/wp\/v2\/posts\/780","targetHints":{"allow":["GET"]}}],"collection":[{"href":"https:\/\/www.ufmg.br\/periodicos\/wp-json\/wp\/v2\/posts"}],"about":[{"href":"https:\/\/www.ufmg.br\/periodicos\/wp-json\/wp\/v2\/types\/post"}],"author":[{"embeddable":true,"href":"https:\/\/www.ufmg.br\/periodicos\/wp-json\/wp\/v2\/users\/3"}],"replies":[{"embeddable":true,"href":"https:\/\/www.ufmg.br\/periodicos\/wp-json\/wp\/v2\/comments?post=780"}],"version-history":[{"count":3,"href":"https:\/\/www.ufmg.br\/periodicos\/wp-json\/wp\/v2\/posts\/780\/revisions"}],"predecessor-version":[{"id":872,"href":"https:\/\/www.ufmg.br\/periodicos\/wp-json\/wp\/v2\/posts\/780\/revisions\/872"}],"wp:attachment":[{"href":"https:\/\/www.ufmg.br\/periodicos\/wp-json\/wp\/v2\/media?parent=780"}],"wp:term":[{"taxonomy":"category","embeddable":true,"href":"https:\/\/www.ufmg.br\/periodicos\/wp-json\/wp\/v2\/categories?post=780"},{"taxonomy":"post_tag","embeddable":true,"href":"https:\/\/www.ufmg.br\/periodicos\/wp-json\/wp\/v2\/tags?post=780"}],"curies":[{"name":"wp","href":"https:\/\/api.w.org\/{rel}","templated":true}]}}