{"id":896,"date":"2016-05-18T13:33:47","date_gmt":"2016-05-18T16:33:47","guid":{"rendered":"https:\/\/www.ufmg.br\/periodicos\/?p=896"},"modified":"2016-05-18T13:35:32","modified_gmt":"2016-05-18T16:35:32","slug":"parceria-no-aperfeicoamento-dos-periodicos-cientificos-da-ufmg-e-tema-de-encontro-entre-equipe-do-portal-de-periodicos-e-chefias-das-bibliotecas-universitarias","status":"publish","type":"post","link":"https:\/\/www.ufmg.br\/periodicos\/parceria-no-aperfeicoamento-dos-periodicos-cientificos-da-ufmg-e-tema-de-encontro-entre-equipe-do-portal-de-periodicos-e-chefias-das-bibliotecas-universitarias\/","title":{"rendered":"Parceria no aperfei\u00e7oamento dos peri\u00f3dicos cient\u00edficos da UFMG \u00e9 tema de encontro entre equipe do Portal de Peri\u00f3dicos e chefias das bibliotecas universit\u00e1rias"},"content":{"rendered":"<p>Na manh\u00e3 de ontem, dia 17, foi realizado um encontro entre o Prof. S\u00e9rgio Cirino, Diretor de Produ\u00e7\u00e3o Cient\u00edfica da PRPq e Coordenador do Portal de Peri\u00f3dicos da UFMG, Carla Vieira, bibliotec\u00e1ria da Diretoria de Produ\u00e7\u00e3o Cient\u00edfica da PRPq, Wellington Mar\u00e7al de Carvalho, diretor da Biblioteca Universit\u00e1ria da UFMG, e as chefias das bibliotecas das unidades da mesma institui\u00e7\u00e3o. S\u00e9rgio Cirino apresentou a Pol\u00edtica de Peri\u00f3dicos da UFMG, lan\u00e7ada em 22 de outubro de 2015, que abrange um conjunto de a\u00e7\u00f5es diversas e complementares que tem o objetivo de aumentar a visibilidade dos peri\u00f3dicos cient\u00edficos produzidos no \u00e2mbito da Universidade. Dentre essas a\u00e7\u00f5es, est\u00e1 a elabora\u00e7\u00e3o de diret\u00f3rio para conhecimento p\u00fablico de informa\u00e7\u00f5es sobre os peri\u00f3dicos e a cria\u00e7\u00e3o do Portal de Peri\u00f3dicos da UFMG.<\/p>\n<p>Al\u00e9m disso, foram apresentadas outras importantes a\u00e7\u00f5es que t\u00eam sido realizadas pela equipe do Portal de Peri\u00f3dicos, como os levantamentos de natureza quali-quantitativa dos peri\u00f3dicos cient\u00edficos da UFMG, e o 1\u00b0 Ciclo de Forma\u00e7\u00e3o de Editores, evento que tem o objetivo de capacitar os editores de peri\u00f3dicos em temas como processores e ferramentas de editora\u00e7\u00e3o.<\/p>\n<p>Foi ressaltada a import\u00e2ncia dos(as) bibliotec\u00e1rios(as) se inserirem no contexto de parcerias com a Pol\u00edtica do Portal para o estabelecimento de a\u00e7\u00f5es conjuntas e o interc\u00e2mbio de experi\u00eancias e informa\u00e7\u00f5es entre o Portal de Peri\u00f3dicos e as bibliotecas universit\u00e1rias da UFMG. Segundo S\u00e9rgio Cirino, a constitui\u00e7\u00e3o de tais parcerias \u00e9 imprescind\u00edvel para garantir os pilares de inclus\u00e3o e excel\u00eancia da Pol\u00edtica de Peri\u00f3dicos, que visam garantir espa\u00e7os de qualidade j\u00e1 existentes na Universidade, bem como fomentar e respaldar a\u00e7\u00f5es de melhoria dos peri\u00f3dicos, com base em crit\u00e9rios nacional e internacionalmente constitu\u00eddos.<\/p>","protected":false},"excerpt":{"rendered":"<p>Na manh\u00e3 de ontem, dia 17, foi realizado um encontro entre o Prof. S\u00e9rgio Cirino, Diretor de Produ\u00e7\u00e3o Cient\u00edfica da PRPq e Coordenador do Portal de Peri\u00f3dicos da UFMG, Carla Vieira, bibliotec\u00e1ria da Diretoria de Produ\u00e7\u00e3o Cient\u00edfica da PRPq, Wellington Mar\u00e7al de Carvalho, diretor da Biblioteca Universit\u00e1ria da UFMG, e as chefias das bibliotecas das [&hellip;]<\/p>\n","protected":false},"author":3,"featured_media":0,"comment_status":"open","ping_status":"open","sticky":false,"template":"","format":"standard","meta":{"footnotes":""},"categories":[3],"tags":[],"class_list":["post-896","post","type-post","status-publish","format-standard","hentry","category-noticias"],"_links":{"self":[{"href":"https:\/\/www.ufmg.br\/periodicos\/wp-json\/wp\/v2\/posts\/896","targetHints":{"allow":["GET"]}}],"collection":[{"href":"https:\/\/www.ufmg.br\/periodicos\/wp-json\/wp\/v2\/posts"}],"about":[{"href":"https:\/\/www.ufmg.br\/periodicos\/wp-json\/wp\/v2\/types\/post"}],"author":[{"embeddable":true,"href":"https:\/\/www.ufmg.br\/periodicos\/wp-json\/wp\/v2\/users\/3"}],"replies":[{"embeddable":true,"href":"https:\/\/www.ufmg.br\/periodicos\/wp-json\/wp\/v2\/comments?post=896"}],"version-history":[{"count":2,"href":"https:\/\/www.ufmg.br\/periodicos\/wp-json\/wp\/v2\/posts\/896\/revisions"}],"predecessor-version":[{"id":899,"href":"https:\/\/www.ufmg.br\/periodicos\/wp-json\/wp\/v2\/posts\/896\/revisions\/899"}],"wp:attachment":[{"href":"https:\/\/www.ufmg.br\/periodicos\/wp-json\/wp\/v2\/media?parent=896"}],"wp:term":[{"taxonomy":"category","embeddable":true,"href":"https:\/\/www.ufmg.br\/periodicos\/wp-json\/wp\/v2\/categories?post=896"},{"taxonomy":"post_tag","embeddable":true,"href":"https:\/\/www.ufmg.br\/periodicos\/wp-json\/wp\/v2\/tags?post=896"}],"curies":[{"name":"wp","href":"https:\/\/api.w.org\/{rel}","templated":true}]}}