{"id":900,"date":"2016-05-18T11:15:49","date_gmt":"2016-05-18T14:15:49","guid":{"rendered":"https:\/\/www.ufmg.br\/periodicos\/?p=900"},"modified":"2016-05-18T14:10:17","modified_gmt":"2016-05-18T17:10:17","slug":"revista-ufmg-traz-diversas-interfaces-da-teoria-da-evolucao","status":"publish","type":"post","link":"https:\/\/www.ufmg.br\/periodicos\/revista-ufmg-traz-diversas-interfaces-da-teoria-da-evolucao\/","title":{"rendered":"Revista UFMG traz diversas interfaces da teoria da evolu\u00e7\u00e3o"},"content":{"rendered":"<p>Est\u00e1 dispon\u00edvel a vers\u00e3o eletr\u00f4nica do n\u00famero 21 da revista UFMG, que traz como foco o tema Evolu\u00e7\u00e3o. S\u00e3o, ao todo, doze artigos, que abordam desde os aspectos cient\u00edficos da Evolu\u00e7\u00e3o at\u00e9 as mais diversas interfaces do tema com \u00e1reas como a historiografia da arte, a m\u00fasica e a vida de um personagem de um romance.<\/p>\n<p>Essa \u00faltima interface foi abordada por Wellington Mar\u00e7al de Carvalho, diretor da Biblioteca Universit\u00e1ria, no artigo \u201cA epopeia negativa em Passageiro do fim do dia, de Rubens Figueiredo\u201d. Conforme \u00e9 apresentado no editorial da revista, nesse artigo Wellington \u201cevoca um evolucionismo \u00e0s avessas, presente no pesado cotidiano perif\u00e9rico vivido por um personagem de romance, ao relacionar sua viv\u00eancia di\u00e1ria com fragmentos de leitura de um livro sobre o naturalista Charles Darwin durante seu percurso di\u00e1rio no transporte coletivo\u201d.<\/p>\n<p>Confira a nova edi\u00e7\u00e3o da\u00a0<a href=\"https:\/\/www.ufmg.br\/revistaufmg\/volumes\/21\" target=\"_blank\">Revista UFMG<\/a>.<\/p>\n<p>&nbsp;<\/p>\n<p>Fonte: Sistema de Bibliotecas da\u00a0UFMG<\/p>","protected":false},"excerpt":{"rendered":"<p>Est\u00e1 dispon\u00edvel a vers\u00e3o eletr\u00f4nica do n\u00famero 21 da revista UFMG, que traz como foco o tema Evolu\u00e7\u00e3o. S\u00e3o, ao todo, doze artigos, que abordam desde os aspectos cient\u00edficos da Evolu\u00e7\u00e3o at\u00e9 as mais diversas interfaces do tema com \u00e1reas como a historiografia da arte, a m\u00fasica e a vida de um personagem de um [&hellip;]<\/p>\n","protected":false},"author":3,"featured_media":0,"comment_status":"open","ping_status":"open","sticky":false,"template":"","format":"standard","meta":{"footnotes":""},"categories":[3],"tags":[],"class_list":["post-900","post","type-post","status-publish","format-standard","hentry","category-noticias"],"_links":{"self":[{"href":"https:\/\/www.ufmg.br\/periodicos\/wp-json\/wp\/v2\/posts\/900","targetHints":{"allow":["GET"]}}],"collection":[{"href":"https:\/\/www.ufmg.br\/periodicos\/wp-json\/wp\/v2\/posts"}],"about":[{"href":"https:\/\/www.ufmg.br\/periodicos\/wp-json\/wp\/v2\/types\/post"}],"author":[{"embeddable":true,"href":"https:\/\/www.ufmg.br\/periodicos\/wp-json\/wp\/v2\/users\/3"}],"replies":[{"embeddable":true,"href":"https:\/\/www.ufmg.br\/periodicos\/wp-json\/wp\/v2\/comments?post=900"}],"version-history":[{"count":1,"href":"https:\/\/www.ufmg.br\/periodicos\/wp-json\/wp\/v2\/posts\/900\/revisions"}],"predecessor-version":[{"id":901,"href":"https:\/\/www.ufmg.br\/periodicos\/wp-json\/wp\/v2\/posts\/900\/revisions\/901"}],"wp:attachment":[{"href":"https:\/\/www.ufmg.br\/periodicos\/wp-json\/wp\/v2\/media?parent=900"}],"wp:term":[{"taxonomy":"category","embeddable":true,"href":"https:\/\/www.ufmg.br\/periodicos\/wp-json\/wp\/v2\/categories?post=900"},{"taxonomy":"post_tag","embeddable":true,"href":"https:\/\/www.ufmg.br\/periodicos\/wp-json\/wp\/v2\/tags?post=900"}],"curies":[{"name":"wp","href":"https:\/\/api.w.org\/{rel}","templated":true}]}}