{"id":963,"date":"2016-06-07T14:26:08","date_gmt":"2016-06-07T17:26:08","guid":{"rendered":"https:\/\/www.ufmg.br\/periodicos\/?p=963"},"modified":"2016-06-07T14:26:08","modified_gmt":"2016-06-07T17:26:08","slug":"inscricoes-abertas-para-a-palestra-bases-de-citacoes-e-bibliometria-aumentando-a-visibilidade-de-periodicos","status":"publish","type":"post","link":"https:\/\/www.ufmg.br\/periodicos\/inscricoes-abertas-para-a-palestra-bases-de-citacoes-e-bibliometria-aumentando-a-visibilidade-de-periodicos\/","title":{"rendered":"Inscri\u00e7\u00f5es abertas para a palestra &#8220;Bases de cita\u00e7\u00f5es e bibliometria: aumentando a visibilidade de peri\u00f3dicos&#8221;"},"content":{"rendered":"<p>Na quinta\u00a0palestra do 1\u00b0 Ciclo de Forma\u00e7\u00e3o de Editores,\u00a0Max Cirino abordar\u00e1 as bases de cita\u00e7\u00f5es e bibliometria tendo como foco o aumento da visibilidade de peri\u00f3dicos cient\u00edficos. Ser\u00e1 apresentado breve hist\u00f3rico e exemplos de an\u00e1lise bibliom\u00e9trica, como as fontes e autores mas citados e palavras chave mais utilizadas, bem como o modelo de an\u00e1lise autom\u00e1tica de dados da SciELO. Fa\u00e7a a sua <a href=\"https:\/\/docs.google.com\/forms\/d\/1eFQ5_vz47wqVLAcsX3zZKWckXaKapF_IAdPjgRnN2ZQ\/viewform?fbzx=-8149924444578221000\" target=\"_blank\">inscri\u00e7\u00e3o<\/a>!<\/p>\n<p><a href=\"https:\/\/www.ufmg.br\/periodicos\/wp-content\/files\/2016\/06\/Palestra-Max-Cirino-Bibliometria.png\"><img loading=\"lazy\" decoding=\"async\" class=\"aligncenter wp-image-964 size-full\" src=\"https:\/\/www.ufmg.br\/periodicos\/wp-content\/files\/2016\/06\/Palestra-Max-Cirino-Bibliometria.png\" alt=\"Palestra Max Cirino - Bibliometria\" width=\"470\" height=\"865\" srcset=\"https:\/\/www.ufmg.br\/periodicos\/wp-content\/files\/2016\/06\/Palestra-Max-Cirino-Bibliometria.png 470w, https:\/\/www.ufmg.br\/periodicos\/wp-content\/files\/2016\/06\/Palestra-Max-Cirino-Bibliometria-163x300.png 163w\" sizes=\"auto, (max-width: 470px) 100vw, 470px\" \/><\/a><\/p>","protected":false},"excerpt":{"rendered":"<p>Na quinta\u00a0palestra do 1\u00b0 Ciclo de Forma\u00e7\u00e3o de Editores,\u00a0Max Cirino abordar\u00e1 as bases de cita\u00e7\u00f5es e bibliometria tendo como foco o aumento da visibilidade de peri\u00f3dicos cient\u00edficos. Ser\u00e1 apresentado breve hist\u00f3rico e exemplos de an\u00e1lise bibliom\u00e9trica, como as fontes e autores mas citados e palavras chave mais utilizadas, bem como o modelo de an\u00e1lise autom\u00e1tica [&hellip;]<\/p>\n","protected":false},"author":3,"featured_media":0,"comment_status":"open","ping_status":"open","sticky":false,"template":"","format":"standard","meta":{"footnotes":""},"categories":[3],"tags":[],"class_list":["post-963","post","type-post","status-publish","format-standard","hentry","category-noticias"],"_links":{"self":[{"href":"https:\/\/www.ufmg.br\/periodicos\/wp-json\/wp\/v2\/posts\/963","targetHints":{"allow":["GET"]}}],"collection":[{"href":"https:\/\/www.ufmg.br\/periodicos\/wp-json\/wp\/v2\/posts"}],"about":[{"href":"https:\/\/www.ufmg.br\/periodicos\/wp-json\/wp\/v2\/types\/post"}],"author":[{"embeddable":true,"href":"https:\/\/www.ufmg.br\/periodicos\/wp-json\/wp\/v2\/users\/3"}],"replies":[{"embeddable":true,"href":"https:\/\/www.ufmg.br\/periodicos\/wp-json\/wp\/v2\/comments?post=963"}],"version-history":[{"count":2,"href":"https:\/\/www.ufmg.br\/periodicos\/wp-json\/wp\/v2\/posts\/963\/revisions"}],"predecessor-version":[{"id":966,"href":"https:\/\/www.ufmg.br\/periodicos\/wp-json\/wp\/v2\/posts\/963\/revisions\/966"}],"wp:attachment":[{"href":"https:\/\/www.ufmg.br\/periodicos\/wp-json\/wp\/v2\/media?parent=963"}],"wp:term":[{"taxonomy":"category","embeddable":true,"href":"https:\/\/www.ufmg.br\/periodicos\/wp-json\/wp\/v2\/categories?post=963"},{"taxonomy":"post_tag","embeddable":true,"href":"https:\/\/www.ufmg.br\/periodicos\/wp-json\/wp\/v2\/tags?post=963"}],"curies":[{"name":"wp","href":"https:\/\/api.w.org\/{rel}","templated":true}]}}