{"id":967,"date":"2016-06-08T12:15:11","date_gmt":"2016-06-08T15:15:11","guid":{"rendered":"https:\/\/www.ufmg.br\/periodicos\/?p=967"},"modified":"2016-06-07T15:05:32","modified_gmt":"2016-06-07T18:05:32","slug":"chamada-de-trabalhos-revista-tres-pontos-ufmg","status":"publish","type":"post","link":"https:\/\/www.ufmg.br\/periodicos\/chamada-de-trabalhos-revista-tres-pontos-ufmg\/","title":{"rendered":"Chamada de trabalhos: Revista Tr\u00eas Pontos &#8211; UFMG"},"content":{"rendered":"<p><a href=\"https:\/\/www.ufmg.br\/periodicos\/wp-content\/files\/2016\/06\/revista-tr\u00eas-pontos-CHAMADA-DOSSI\u00ca-G\u00caNERO.jpg\"><img loading=\"lazy\" decoding=\"async\" class=\"size-medium wp-image-968 alignleft\" src=\"https:\/\/www.ufmg.br\/periodicos\/wp-content\/files\/2016\/06\/revista-tr\u00eas-pontos-CHAMADA-DOSSI\u00ca-G\u00caNERO-278x300.jpg\" alt=\"revista tr\u00eas pontos - CHAMADA DOSSI\u00ca G\u00caNERO\" width=\"278\" height=\"300\" srcset=\"https:\/\/www.ufmg.br\/periodicos\/wp-content\/files\/2016\/06\/revista-tr\u00eas-pontos-CHAMADA-DOSSI\u00ca-G\u00caNERO-278x300.jpg 278w, https:\/\/www.ufmg.br\/periodicos\/wp-content\/files\/2016\/06\/revista-tr\u00eas-pontos-CHAMADA-DOSSI\u00ca-G\u00caNERO-768x829.jpg 768w, https:\/\/www.ufmg.br\/periodicos\/wp-content\/files\/2016\/06\/revista-tr\u00eas-pontos-CHAMADA-DOSSI\u00ca-G\u00caNERO.jpg 889w\" sizes=\"auto, (max-width: 278px) 100vw, 278px\" \/><\/a><\/p>\n<p>A Revista Tr\u00eas Pontos convida graduandos e rec\u00e9m-graduados das Ci\u00eancias Humanas a publicarem artigos, ensaios, resenhas, tradu\u00e7\u00f5es e fotografias no Dossi\u00ea \u201cM\u00faltiplos olhares sobre g\u00eanero: rela\u00e7\u00f5es sociais de g\u00eanero e divis\u00e3o sexual do trabalho, identidades e orienta\u00e7\u00f5es sexuais\u201d. <span data-offset-key=\"c3icu-0-0\"><span data-text=\"true\">O prazo para a submiss\u00e3o dos trabalhos \u00e9 dia 30 de julho de 2016 e pode ser realizada pelo e-mail: revistatrespontos@gmail.com. <\/span><\/span><span data-offset-key=\"dqj1n-0-0\"><span data-text=\"true\">Confira as normas de <a href=\"https:\/\/seer.ufmg.br\/index.php\/revistatrespontos\/about\/submissions#authorGuidelines\">submiss\u00e3o<\/a>.<\/span><\/span><\/p>","protected":false},"excerpt":{"rendered":"<p>A Revista Tr\u00eas Pontos convida graduandos e rec\u00e9m-graduados das Ci\u00eancias Humanas a publicarem artigos, ensaios, resenhas, tradu\u00e7\u00f5es e fotografias no Dossi\u00ea \u201cM\u00faltiplos olhares sobre g\u00eanero: rela\u00e7\u00f5es sociais de g\u00eanero e divis\u00e3o sexual do trabalho, identidades e orienta\u00e7\u00f5es sexuais\u201d. O prazo para a submiss\u00e3o dos trabalhos \u00e9 dia 30 de julho de 2016 e pode ser [&hellip;]<\/p>\n","protected":false},"author":3,"featured_media":0,"comment_status":"open","ping_status":"open","sticky":false,"template":"","format":"standard","meta":{"footnotes":""},"categories":[3],"tags":[],"class_list":["post-967","post","type-post","status-publish","format-standard","hentry","category-noticias"],"_links":{"self":[{"href":"https:\/\/www.ufmg.br\/periodicos\/wp-json\/wp\/v2\/posts\/967","targetHints":{"allow":["GET"]}}],"collection":[{"href":"https:\/\/www.ufmg.br\/periodicos\/wp-json\/wp\/v2\/posts"}],"about":[{"href":"https:\/\/www.ufmg.br\/periodicos\/wp-json\/wp\/v2\/types\/post"}],"author":[{"embeddable":true,"href":"https:\/\/www.ufmg.br\/periodicos\/wp-json\/wp\/v2\/users\/3"}],"replies":[{"embeddable":true,"href":"https:\/\/www.ufmg.br\/periodicos\/wp-json\/wp\/v2\/comments?post=967"}],"version-history":[{"count":8,"href":"https:\/\/www.ufmg.br\/periodicos\/wp-json\/wp\/v2\/posts\/967\/revisions"}],"predecessor-version":[{"id":975,"href":"https:\/\/www.ufmg.br\/periodicos\/wp-json\/wp\/v2\/posts\/967\/revisions\/975"}],"wp:attachment":[{"href":"https:\/\/www.ufmg.br\/periodicos\/wp-json\/wp\/v2\/media?parent=967"}],"wp:term":[{"taxonomy":"category","embeddable":true,"href":"https:\/\/www.ufmg.br\/periodicos\/wp-json\/wp\/v2\/categories?post=967"},{"taxonomy":"post_tag","embeddable":true,"href":"https:\/\/www.ufmg.br\/periodicos\/wp-json\/wp\/v2\/tags?post=967"}],"curies":[{"name":"wp","href":"https:\/\/api.w.org\/{rel}","templated":true}]}}