{"id":1373,"date":"2022-04-28T16:51:19","date_gmt":"2022-04-28T19:51:19","guid":{"rendered":"https:\/\/www.ufmg.br\/proplan\/?p=1373"},"modified":"2022-04-28T16:52:28","modified_gmt":"2022-04-28T19:52:28","slug":"relatorio_de_gestao_2003-resultados-programas-e-acoes","status":"publish","type":"post","link":"https:\/\/www.ufmg.br\/proplan\/relatorio_de_gestao_2003-resultados-programas-e-acoes\/","title":{"rendered":"Programas e a\u00e7\u00f5es"},"content":{"rendered":"<p style=\"font-weight: 400; text-align: justify;\">A Diretoria de A\u00e7\u00e3o Cultural tem trabalhado na consolida\u00e7\u00e3o do Programa de A\u00e7\u00e3o Cultural da UFMG, com o objetivo de estimular e dar suporte \u00e0s v\u00e1rias atividades culturais e art\u00edsticas desenvolvidas na Universidade, al\u00e9m de propor novos programas\/projetos, fortalecendo o reconhecimento de que a cria\u00e7\u00e3o e a produ\u00e7\u00e3o art\u00edstica e cultural s\u00e3o formas privilegiadas de express\u00e3o, aquisi\u00e7\u00e3o e repasse de conhecimento.<\/p>\n<p style=\"font-weight: 400; text-align: justify;\">\u00a0Projetos que integram o Programa, agrupados por abrang\u00eancia:<\/p>\n<p style=\"font-weight: 400; text-align: justify;\"><strong>I &#8211; Local<\/strong>:<\/p>\n<ol style=\"text-align: justify;\">\n<li style=\"font-weight: 400;\"><strong> A\u00e7\u00f5es conjuntas DAC\/Centro Cultural UFMG: <\/strong>objetivando ampliar a diversidade do p\u00fablico atingido, algumas atividades foram programadas para acontecer tanto no Campus Pampulha quanto no Centro Cultural UFMG, a exemplo de exposi\u00e7\u00f5es e eventos.<\/li>\n<li style=\"font-weight: 400;\"><strong><em>Domingo no Campus<\/em>:<\/strong>a\u00a0 Universidade abriu as portas para as comunidades externa e interna, unindo lazer, cultura e conhecimento, possibilitando maior integra\u00e7\u00e3o da fam\u00edlia dos professores, dos t\u00e9cnico-administrativos e dos alunos com a UFMG. O 2\u00b0 Domingo no Campus foi realizado no dia 04 de maio de 2003, com o mesmo sucesso de sua primeira edi\u00e7\u00e3o, que aconteceu em 2002, por ocasi\u00e3o das comemora\u00e7\u00f5es dos 75 anos da Universidade.<\/li>\n<li style=\"font-weight: 400;\"><strong> Espa\u00e7o Expositivo do Conservat\u00f3rio UFMG: <\/strong>com o objetivo de dar visibilidade \u00e0 produ\u00e7\u00e3o art\u00edstica e t\u00e9cnica realizada dentro da UFMG e de outras institui\u00e7\u00f5es de ensino e \u00f3rg\u00e3os promotores de cultura e conhecimento, a Universidade realizou, em 2003, as exposi\u00e7\u00f5es \u201cO Real e o Imagin\u00e1rio\u201d e \u201cGaleria Brasiliana\u201d.<\/li>\n<li style=\"font-weight: 400;\"><strong> Feira de Artesanato do Vale do Jequitinhonha: <\/strong>a quarta edi\u00e7\u00e3o da Feira foi realizada no per\u00edodo de 04 a 09 de maio de 2003, com a participa\u00e7\u00e3o de 51 artes\u00e3os. P\u00fablico visitante: 7.500 pessoas. Atrav\u00e9s de atividades como essa, a Universidade demonstrou, mais uma vez, seu empenho pela inclus\u00e3o social, criando oportunidade para que o artes\u00e3o pudesse divulgar e vender o seu produto, contribuindo para a gera\u00e7\u00e3o de emprego e renda.<\/li>\n<li style=\"font-weight: 400;\"><strong> Quarta Doze e Trinta:<\/strong>reeditado como um espa\u00e7o alternativo para divulga\u00e7\u00e3o e viabiliza\u00e7\u00e3o do trabalho art\u00edstico de discentes, servidores t\u00e9cnico-administrativos e docentes, o projeto ofereceu, em 2003, 28 espet\u00e1culos para um p\u00fablico estimado de 8.690 pessoas, dando oportunidade tamb\u00e9m a artistas da comunidade externa de mostrarem o seu trabalho \u00e0 comunidade universit\u00e1ria.<\/li>\n<\/ol>\n<p style=\"font-weight: 400; text-align: justify;\"><strong>II \u2013 Regional:<\/strong><\/p>\n<ol style=\"text-align: justify;\">\n<li style=\"font-weight: 400;\"><strong> Jornada Cultural:<\/strong>retomado em 2003, o projeto Jornada Cultural destacou-se sempre como uma a\u00e7\u00e3o de interioriza\u00e7\u00e3o da Universidade, buscando o desenvolvimento cultural e regional de munic\u00edpios mineiros, atrav\u00e9s da realiza\u00e7\u00e3o de oficinas, palestras e eventos. Iniciaram-se contatos com as Prefeituras de Santa B\u00e1rbara e Catas Altas, em novembro e dezembro, respectivamente, para discutir projetos espec\u00edficos de realiza\u00e7\u00e3o de jornadas culturais em 2004.<\/li>\n<li style=\"font-weight: 400;\"><strong> Projeto Cip\u00f3:<\/strong>A UFMG possui a\u00e7\u00f5es relevantes, j\u00e1 consolidadas, voltadas para regi\u00f5es espec\u00edficas do Estado, a exemplo do Projeto Manuelz\u00e3o e do Programa P\u00f3lo de Integra\u00e7\u00e3o da UFMG no Vale do Jequitinhonha. Considerando a import\u00e2ncia de tais a\u00e7\u00f5es para as respectivas regi\u00f5es, a UFMG estabeleceu como uma de suas metas priorit\u00e1rias implementar novas a\u00e7\u00f5es que promovam o desenvolvimento de uma outra regi\u00e3o de Minas Gerais, atrav\u00e9s da cultura e do conhecimento.A regi\u00e3o escolhida para realiza\u00e7\u00e3o do projeto piloto foi a Serra do Cip\u00f3, que est\u00e1 pleiteando o seu reconhecimento como \u201cPatrim\u00f4nio Natural da Humanidade\u201d. Em 2003, iniciaram-se as negocia\u00e7\u00f5es com a Prefeitura de Jaboticatubas\/MG, visando preparar a primeira edi\u00e7\u00e3o do projeto que se encontra em fase de capta\u00e7\u00e3o de recursos.<\/li>\n<li style=\"font-weight: 400;\"><strong> Projeto Tiradentes:<\/strong>A Funda\u00e7\u00e3o Rodrigo Mello Franco de Andrade \u2013 FRMFA, sediada em Tiradentes\/MG, foi repassada para gerenciamento da Universidade Federal de Minas Gerais, juntamente com seu patrim\u00f4nio, para gest\u00e3o e empreendimentos culturais naquela cidade. Em 2003, foi elaborado um projeto de Jornada Cultural, prevendo atividades destinadas especialmente a crian\u00e7as, adolescentes e professores da Rede P\u00fablica, bem como oficinas de inicia\u00e7\u00e3o e aprofundamento na \u00e1rea de conserva\u00e7\u00e3o e preserva\u00e7\u00e3o do patrim\u00f4nio hist\u00f3rico. O projeto foi entregue aos demais membros da Diretoria Executiva da Funda\u00e7\u00e3o para conhecimento e an\u00e1lise.<\/li>\n<\/ol>\n<p style=\"font-weight: 400; text-align: justify;\"><strong>III \u2013 Nacional:<\/strong><\/p>\n<ol style=\"text-align: justify;\">\n<li style=\"font-weight: 400;\"><strong> Espa\u00e7o Expositivo da Reitoria:<\/strong>investindo narealiza\u00e7\u00e3o de mostras de artes pl\u00e1sticas, artes visuais ou m\u00eddias contempor\u00e2neas com n\u00edtidos interesses de divulga\u00e7\u00e3o e promo\u00e7\u00e3o da arte, enquanto ve\u00edculo formador e desencadeador de direcionamentos conceituais, a Universidade tem procurado transformar este espa\u00e7o em um referencial na cidade de Belo Horizonte, colocando a UFMG em destaque no circuito da arte contempor\u00e2nea brasileira. Em 2003 foram realizadas as seguintes mostras: \u201cCole\u00e7\u00e3o Sociedade Amigas da Cultura\u201d, \u201cExposi\u00e7\u00e3o dos Alunos da Escola de Belas Artes da UFMG\u201d e \u201cA Cria\u00e7\u00e3o e a Pesquisa na Arte Contempor\u00e2nea\u201d.<\/li>\n<\/ol>\n<ol style=\"text-align: justify;\" start=\"2\">\n<li style=\"font-weight: 400;\"><strong> Festival de Inverno da UFMG \u2013<\/strong>sua 35\u00aa edi\u00e7\u00e3o aconteceu em Diamantina\/MG, no per\u00edodo de 07 a 27 de julho de 2003, com 57 atividades, dentre cursos, oficinas e semin\u00e1rios, nas \u00e1reas de artes c\u00eanicas, artes pl\u00e1sticas, literatura e cultura, m\u00eddia-arte, m\u00fasica e projetos especiais, das quais participaram 561 alunos. Uma agenda de 40 eventos foi oferecida a um p\u00fablico estimado de 12.000 pessoas.O programa\u00a0 foi viabilizado financeiramente gra\u00e7as \u00e0s\u00a0 parcerias mantidas entre a UFMG e institui\u00e7\u00f5es p\u00fablicas e privadas.<\/li>\n<\/ol>\n<p style=\"font-weight: 400; text-align: justify;\">No \u00faltimo trimestre de 2003, foi criado um encarte mensal do Boletim da Universidade, denominado \u201cA\u00e7\u00e3o Cultural\u201d, para divulgar as a\u00e7\u00f5es da DAC\/UFMG e demais eventos culturais promovidos por outras Unidades\/\u00d3rg\u00e3os da institui\u00e7\u00e3o.<\/p>\n","protected":false},"excerpt":{"rendered":"<p>A Diretoria de A\u00e7\u00e3o Cultural tem trabalhado na consolida\u00e7\u00e3o do [&hellip;]<\/p>\n","protected":false},"author":2,"featured_media":0,"comment_status":"open","ping_status":"open","sticky":false,"template":"","format":"standard","meta":{"footnotes":""},"categories":[1],"tags":[],"class_list":["post-1373","post","type-post","status-publish","format-standard","hentry","category-sem-categoria"],"_links":{"self":[{"href":"https:\/\/www.ufmg.br\/proplan\/wp-json\/wp\/v2\/posts\/1373","targetHints":{"allow":["GET"]}}],"collection":[{"href":"https:\/\/www.ufmg.br\/proplan\/wp-json\/wp\/v2\/posts"}],"about":[{"href":"https:\/\/www.ufmg.br\/proplan\/wp-json\/wp\/v2\/types\/post"}],"author":[{"embeddable":true,"href":"https:\/\/www.ufmg.br\/proplan\/wp-json\/wp\/v2\/users\/2"}],"replies":[{"embeddable":true,"href":"https:\/\/www.ufmg.br\/proplan\/wp-json\/wp\/v2\/comments?post=1373"}],"version-history":[{"count":3,"href":"https:\/\/www.ufmg.br\/proplan\/wp-json\/wp\/v2\/posts\/1373\/revisions"}],"predecessor-version":[{"id":1376,"href":"https:\/\/www.ufmg.br\/proplan\/wp-json\/wp\/v2\/posts\/1373\/revisions\/1376"}],"wp:attachment":[{"href":"https:\/\/www.ufmg.br\/proplan\/wp-json\/wp\/v2\/media?parent=1373"}],"wp:term":[{"taxonomy":"category","embeddable":true,"href":"https:\/\/www.ufmg.br\/proplan\/wp-json\/wp\/v2\/categories?post=1373"},{"taxonomy":"post_tag","embeddable":true,"href":"https:\/\/www.ufmg.br\/proplan\/wp-json\/wp\/v2\/tags?post=1373"}],"curies":[{"name":"wp","href":"https:\/\/api.w.org\/{rel}","templated":true}]}}