{"id":1413,"date":"2023-06-13T06:04:05","date_gmt":"2023-06-13T06:04:05","guid":{"rendered":"https:\/\/wptf.themepul.co\/tronix\/?p=1413"},"modified":"2023-07-18T16:17:08","modified_gmt":"2023-07-18T19:17:08","slug":"modelo-pioneiro-no-pais","status":"publish","type":"post","link":"https:\/\/www.ufmg.br\/prpq\/outlab\/modelo-pioneiro-no-pais\/","title":{"rendered":"Modelo pioneiro no pa\u00eds"},"content":{"rendered":"\r\n<h5 style=\"text-align: left;\"><span style=\"font-weight: 400;\">Programa de acelera\u00e7\u00e3o de laborat\u00f3rios j\u00e1 teve duas edi\u00e7\u00f5es com cerca de 100 laborat\u00f3rios<\/span><\/h5>\r\n<p>&nbsp;<\/p>\r\n<p><span style=\"font-weight: 400;\">O <a href=\"https:\/\/www.ufmg.br\/prpq\/outlab\/inscricoes-programa-outlab\/\">Outlab UFMG<\/a> \u00e9 uma iniciativa pioneira no pa\u00eds, que oferece apoio e gera a acelera\u00e7\u00e3o de laborat\u00f3rios. Criado em 2019 pela Fundep, em parceria com a PRPq, o programa teve duas edi\u00e7\u00f5es, que reuniram cerca de 100 laborat\u00f3rios. Interrompido durante a pandemia da covid-19, o programa foi retomado com nova proposta.<\/span><\/p>\r\n<p><span style=\"font-weight: 400;\">Nesta edi\u00e7\u00e3o, a iniciativa consiste em uma imers\u00e3o nos oito m\u00f3dulos do conte\u00fado program\u00e1tico e atividades pr\u00e1ticas. O objetivo \u00e9 estimular parcerias e conex\u00f5es de infraestruturas de pesquisa com empresas e potencializar as suas atividades.\u00a0<\/span><\/p>\r\n<p><span style=\"font-weight: 400;\">\u201cDurante esse hiato, o projeto sofreu mudan\u00e7as e adapta\u00e7\u00f5es para responder melhor \u00e0s novas demandas da \u00e1rea acad\u00eamica\u201d, afirmou o pr\u00f3-reitor de Pesquisa, Fernando Reis, durante evento de apresenta\u00e7\u00e3o da proposta aos coordenadores de laborat\u00f3rios realizado no dia 14 de junho<\/span><span style=\"font-weight: 400;\">. Ele destacou o envolvimento de diferentes inst\u00e2ncias da UFMG, aspecto que confere robustez institucional \u00e0 proposta.<\/span><\/p>\r\n<p>&nbsp;<\/p>\r\n<p><iframe loading=\"lazy\" title=\"A\u00e7\u00f5es relacionadas \u00e0 Capacita\u00e7\u00e3o em Empreendedorismo e Gest\u00e3o para Infraestruturas de Pesquisa\" width=\"1140\" height=\"641\" src=\"https:\/\/www.youtube.com\/embed\/Znxck6rjkzM?feature=oembed\" frameborder=\"0\" allow=\"accelerometer; autoplay; clipboard-write; encrypted-media; gyroscope; picture-in-picture; web-share\" allowfullscreen><\/iframe><\/p>\r\n<p>&nbsp;<\/p>\r\n<p><span style=\"font-weight: 400;\">Entre as mudan\u00e7as possibilitadas pelo fortalecimento da institucionaliza\u00e7\u00e3o do programa na Universidade, est\u00e1 a conquista de novos apoiadores para a execu\u00e7\u00e3o do programa, como o BH-TEC e o Caed, e a ades\u00e3o de n\u00famero maior de professores na frente pedag\u00f3gica da imers\u00e3o. Com execu\u00e7\u00e3o a cargo da PRPq, a Fundep retoma seu papel institucional de atuar no apoio aos projetos de ensino, pesquisa e extens\u00e3o da UFMG.<\/span><\/p>\r\n<p><span style=\"font-weight: 400;\">\u201cAvalio que esta edi\u00e7\u00e3o do OutLab est\u00e1 genu\u00edna, pois \u00e9 promovida pela pr\u00f3pria UFMG, por meio da Pr\u00f3-reitoria de Pesquisa, e conta com institui\u00e7\u00f5es que contribuem com seu prop\u00f3sito, fomentando a trilha da Pesquisa e Desenvolvimento na Universidade\u201d, disse a gerente de Desenvolvimento Institucional do BH-TEC, Cristina Guimar\u00e3es.<\/span><\/p>\r\n<p><span style=\"font-weight: 400;\">Texto e foto: Assessoria de Comunica\u00e7\u00e3o da <a href=\"https:\/\/www.fundep.ufmg.br\/\">Fundep<\/a><\/span><\/p>\r\n\r\n\r\n\r\n\r\n","protected":false},"excerpt":{"rendered":"<p>Programa de acelera\u00e7\u00e3o de laborat\u00f3rios j\u00e1 teve duas edi\u00e7\u00f5es com cerca de 100 laborat\u00f3rios &nbsp; O Outlab UFMG \u00e9 uma iniciativa pioneira no pa\u00eds, que oferece apoio e gera a acelera\u00e7\u00e3o de laborat\u00f3rios. Criado em 2019 pela Fundep, em parceria com a PRPq, o programa teve duas edi\u00e7\u00f5es, que reuniram cerca de 100 laborat\u00f3rios. Interrompido [&hellip;]<\/p>\n","protected":false},"author":3,"featured_media":3408,"comment_status":"open","ping_status":"open","sticky":false,"template":"","format":"standard","meta":{"footnotes":""},"categories":[85],"tags":[82,84],"class_list":["post-1413","post","type-post","status-publish","format-standard","has-post-thumbnail","hentry","category-noticias","tag-outlab","tag-programaoutlab"],"_links":{"self":[{"href":"https:\/\/www.ufmg.br\/prpq\/outlab\/wp-json\/wp\/v2\/posts\/1413","targetHints":{"allow":["GET"]}}],"collection":[{"href":"https:\/\/www.ufmg.br\/prpq\/outlab\/wp-json\/wp\/v2\/posts"}],"about":[{"href":"https:\/\/www.ufmg.br\/prpq\/outlab\/wp-json\/wp\/v2\/types\/post"}],"author":[{"embeddable":true,"href":"https:\/\/www.ufmg.br\/prpq\/outlab\/wp-json\/wp\/v2\/users\/3"}],"replies":[{"embeddable":true,"href":"https:\/\/www.ufmg.br\/prpq\/outlab\/wp-json\/wp\/v2\/comments?post=1413"}],"version-history":[{"count":7,"href":"https:\/\/www.ufmg.br\/prpq\/outlab\/wp-json\/wp\/v2\/posts\/1413\/revisions"}],"predecessor-version":[{"id":3621,"href":"https:\/\/www.ufmg.br\/prpq\/outlab\/wp-json\/wp\/v2\/posts\/1413\/revisions\/3621"}],"wp:featuredmedia":[{"embeddable":true,"href":"https:\/\/www.ufmg.br\/prpq\/outlab\/wp-json\/wp\/v2\/media\/3408"}],"wp:attachment":[{"href":"https:\/\/www.ufmg.br\/prpq\/outlab\/wp-json\/wp\/v2\/media?parent=1413"}],"wp:term":[{"taxonomy":"category","embeddable":true,"href":"https:\/\/www.ufmg.br\/prpq\/outlab\/wp-json\/wp\/v2\/categories?post=1413"},{"taxonomy":"post_tag","embeddable":true,"href":"https:\/\/www.ufmg.br\/prpq\/outlab\/wp-json\/wp\/v2\/tags?post=1413"}],"curies":[{"name":"wp","href":"https:\/\/api.w.org\/{rel}","templated":true}]}}