{"id":7006,"date":"2025-08-16T17:03:25","date_gmt":"2025-08-16T20:03:25","guid":{"rendered":"https:\/\/www.ufmg.br\/prpq\/outlab\/?p=7006"},"modified":"2025-08-28T17:17:57","modified_gmt":"2025-08-28T20:17:57","slug":"conheca-os-laboratorios-participantes-do-outlab-ufmg-2025","status":"publish","type":"post","link":"https:\/\/www.ufmg.br\/prpq\/outlab\/conheca-os-laboratorios-participantes-do-outlab-ufmg-2025\/","title":{"rendered":"Conhe\u00e7a os laborat\u00f3rios participantes do Outlab UFMG 2025!"},"content":{"rendered":"<p><span style=\"font-weight: 400;\">Calouros e veteranos, das exatas \u00e0s humanidades. O Outlab UFMG edi\u00e7\u00e3o 2025 est\u00e1 diverso e com metodologia preparada para abranger as diversas demandas das infraestruturas de pesquisa.<\/span><\/p>\n<p><span style=\"font-weight: 400;\">O N\u00facleo de Pesquisa em Desigualdades Escolares (Nupede), da Faculdade de Educa\u00e7\u00e3o, se inscreveu nesta edi\u00e7\u00e3o para adquirir expertises geralmente associadas \u00e0s pesquisas nas \u00e1reas exatas e biol\u00f3gicas. A professora Fl\u00e1via Xavier, integrante do Nudepe, disse que a expectativa \u00e9 adquirir expertises geralmente associadas \u00e0 pesquisa nas \u00e1reas das ci\u00eancias duras, como exatas e biol\u00f3gicas.\u00a0<\/span><\/p>\n<p><span style=\"font-weight: 400;\">\u201cN\u00f3s precis\u00e1vamos de apoio para garantir a propriedade intelectual das ferramentas metodol\u00f3gicas que criamos e para pensar tanto a identidade do grupo quanto o neg\u00f3cio que podemos oferecer\u201d, explicou. O n\u00facleo j\u00e1 oferece consultorias e capacita\u00e7\u00f5es sobre pol\u00edticas educacionais para promo\u00e7\u00e3o da equidade e agora investiga solu\u00e7\u00f5es para gest\u00e3o da viol\u00eancia e conviv\u00eancia escolar.<\/span><\/p>\n<p><span style=\"font-weight: 400;\">Ana Paula Soares \u00e9 membro da equipe do RotuLab.UFMG. Segundo ela, o laborat\u00f3rio decidiu participar neste ano devido ao impacto positivo que teve na edi\u00e7\u00e3o anterior. \u201cContribuiu significativamente para o nosso crescimento. Agora, <\/span><span style=\"font-weight: 400;\">buscamos aprofundar conhecimentos em gest\u00e3o estrat\u00e9gica, marketing, empreendedorismo e inova\u00e7\u00e3o, al\u00e9m de receber direcionamentos pr\u00e1ticos para expandir nossa atua\u00e7\u00e3o\u201d, afirmou Ana Paula. O Rotu.Lab j\u00e1 presta consultoria para o setor de rotulagem de alimentos e pretende expandir essa atua\u00e7\u00e3o.\u00a0\u00a0<\/span><\/p>\n<h3><b>Laborat\u00f3rios participantes<\/b><\/h3>\n<p><a href=\"https:\/\/www.ufmg.br\/prpq\/bioterio\/\"><span style=\"font-weight: 400;\">Biot\u00e9rio Central da UFMG<\/span><span style=\"font-weight: 400;\"><br \/>\n<\/span><\/a><a href=\"https:\/\/sites.google.com\/view\/cemaees\"><span style=\"font-weight: 400;\">Centro Multiusu\u00e1rio de An\u00e1lise Experimental de Estruturas (Cemaees)<\/span><span style=\"font-weight: 400;\"><br \/>\n<\/span><\/a><a href=\"https:\/\/cemtec.demec.ufmg.br\"><span style=\"font-weight: 400;\">Centro Multiusu\u00e1rio de Termografia Cient\u00edfica (Cemtec)<\/span><span style=\"font-weight: 400;\"><br \/>\n<\/span><\/a><a href=\"https:\/\/www.instagram.com\/hydro_uai\/?hl=pt\"><span style=\"font-weight: 400;\">Centro de Pesquisas Hidr\u00e1ulicas (CPH)<\/span><span style=\"font-weight: 400;\"><br \/>\n<\/span><\/a><a href=\"https:\/\/share.google\/qHmlbzKB2n88Aowem\"><span style=\"font-weight: 400;\">Consultoria e Rotulagem de Alimentos (Rotu.Lab)<\/span><span style=\"font-weight: 400;\"><br \/>\n<\/span><\/a><a href=\"https:\/\/www.gov.br\/ebserh\/pt-br\/hospitais-universitarios\/regiao-sudeste\/hc-ufmg\"><span style=\"font-weight: 400;\">Hospital das Cl\u00ednicas da UFMG<\/span><span style=\"font-weight: 400;\"><br \/>\n<\/span><\/a><a href=\"http:\/\/www.saberestradicionais.org\"><span style=\"font-weight: 400;\">Laborat\u00f3rio Audiovisual Saberes Tradicionais UFMG<\/span><span style=\"font-weight: 400;\"><br \/>\n<\/span><\/a><a href=\"https:\/\/www.inctleveduras.org\/\"><span style=\"font-weight: 400;\">Laborat\u00f3rio de Biodiversidade, Taxonomia e Biotecnologia de Fungos<\/span><span style=\"font-weight: 400;\"><br \/>\n<\/span><\/a><a href=\"http:\/\/www.lbs.dcc.ufmg.br\/\"><span style=\"font-weight: 400;\">Laborat\u00f3rio de Bioinform\u00e1tica e Sistemas (LBS)<\/span><span style=\"font-weight: 400;\"><br \/>\n<\/span><\/a><a href=\"https:\/\/sites.icb.ufmg.br\/pgbotufmg\/\"><span style=\"font-weight: 400;\">Laborat\u00f3rio de Bri\u00f3fitas<\/span><span style=\"font-weight: 400;\"><br \/>\n<\/span><\/a><a href=\"https:\/\/www.etg.ufmg.br\/\"><span style=\"font-weight: 400;\">Laborat\u00f3rio de Geotecnia (LabGeo)<\/span><span style=\"font-weight: 400;\"><br \/>\n<\/span><\/a><a href=\"https:\/\/www.mosaicogenomics.com\/\"><span style=\"font-weight: 400;\">Laborat\u00f3rio de Diversidade G\u00eanica Humana (Mosaico)<\/span><span style=\"font-weight: 400;\"><br \/>\n<\/span><\/a><a href=\"https:\/\/nupede.fae.ufmg.br\/\"><span style=\"font-weight: 400;\">N\u00facleo de Pesquisa em Desigualdades Escolares (Nupede)<\/span><span style=\"font-weight: 400;\"><br \/>\n<\/span><\/a><a href=\"http:\/\/petee.cpdee.ufmg.br\"><span style=\"font-weight: 400;\">Programa de Educa\u00e7\u00e3o Tutorial da Engenharia El\u00e9trica (Petee UFMG)<\/span><span style=\"font-weight: 400;\"><br \/>\n<\/span><\/a><a href=\"https:\/\/simoa.eng.ufmg.br\/sobre\/\"><span style=\"font-weight: 400;\">Sistemas Inteligentes de Monitoramento Ambiental (Simoa)<\/span><\/a><\/p>\n<p>&nbsp;<\/p>\n<p>*Com informa\u00e7\u00f5es da Assessoria de Comunica\u00e7\u00e3o da Fundep<\/p>\n<p>Fotos: Amanda Canhestro<\/p>\n","protected":false},"excerpt":{"rendered":"<p>Calouros e veteranos, das exatas \u00e0s humanidades. O Outlab UFMG edi\u00e7\u00e3o 2025 est\u00e1 diverso e com metodologia preparada para abranger as diversas demandas das infraestruturas de pesquisa. O N\u00facleo de Pesquisa em Desigualdades Escolares (Nupede), da Faculdade de Educa\u00e7\u00e3o, se inscreveu nesta edi\u00e7\u00e3o para adquirir expertises geralmente associadas \u00e0s pesquisas nas \u00e1reas exatas e biol\u00f3gicas. [&hellip;]<\/p>\n","protected":false},"author":3,"featured_media":7007,"comment_status":"open","ping_status":"open","sticky":false,"template":"","format":"standard","meta":{"footnotes":""},"categories":[85],"tags":[],"class_list":["post-7006","post","type-post","status-publish","format-standard","has-post-thumbnail","hentry","category-noticias"],"_links":{"self":[{"href":"https:\/\/www.ufmg.br\/prpq\/outlab\/wp-json\/wp\/v2\/posts\/7006","targetHints":{"allow":["GET"]}}],"collection":[{"href":"https:\/\/www.ufmg.br\/prpq\/outlab\/wp-json\/wp\/v2\/posts"}],"about":[{"href":"https:\/\/www.ufmg.br\/prpq\/outlab\/wp-json\/wp\/v2\/types\/post"}],"author":[{"embeddable":true,"href":"https:\/\/www.ufmg.br\/prpq\/outlab\/wp-json\/wp\/v2\/users\/3"}],"replies":[{"embeddable":true,"href":"https:\/\/www.ufmg.br\/prpq\/outlab\/wp-json\/wp\/v2\/comments?post=7006"}],"version-history":[{"count":1,"href":"https:\/\/www.ufmg.br\/prpq\/outlab\/wp-json\/wp\/v2\/posts\/7006\/revisions"}],"predecessor-version":[{"id":7008,"href":"https:\/\/www.ufmg.br\/prpq\/outlab\/wp-json\/wp\/v2\/posts\/7006\/revisions\/7008"}],"wp:featuredmedia":[{"embeddable":true,"href":"https:\/\/www.ufmg.br\/prpq\/outlab\/wp-json\/wp\/v2\/media\/7007"}],"wp:attachment":[{"href":"https:\/\/www.ufmg.br\/prpq\/outlab\/wp-json\/wp\/v2\/media?parent=7006"}],"wp:term":[{"taxonomy":"category","embeddable":true,"href":"https:\/\/www.ufmg.br\/prpq\/outlab\/wp-json\/wp\/v2\/categories?post=7006"},{"taxonomy":"post_tag","embeddable":true,"href":"https:\/\/www.ufmg.br\/prpq\/outlab\/wp-json\/wp\/v2\/tags?post=7006"}],"curies":[{"name":"wp","href":"https:\/\/api.w.org\/{rel}","templated":true}]}}