

{"id":2087,"date":"2015-08-25T15:12:46","date_gmt":"2015-08-25T18:12:46","guid":{"rendered":"https:\/\/www.ufmg.br\/rededemuseus\/?p=2087"},"modified":"2022-07-27T09:20:17","modified_gmt":"2022-07-27T12:20:17","slug":"proex-ufmg-lanca-edital-do-programa-de-bolsas-de-extensao-2016","status":"publish","type":"post","link":"https:\/\/www.ufmg.br\/rededemuseus\/index.php\/2015\/08\/25\/proex-ufmg-lanca-edital-do-programa-de-bolsas-de-extensao-2016\/","title":{"rendered":"Proex UFMG lan\u00e7a edital do Programa de Bolsas de Extens\u00e3o 2016"},"content":{"rendered":"\t\t<div data-elementor-type=\"wp-post\" data-elementor-id=\"2087\" class=\"elementor elementor-2087\">\n\t\t\t\t\t\t<div class=\"elementor-inner\">\n\t\t\t\t<div class=\"elementor-section-wrap\">\n\t\t\t\t\t\t\t\t\t<section class=\"elementor-section elementor-top-section elementor-element elementor-element-562a7bc6 elementor-section-boxed elementor-section-height-default elementor-section-height-default\" data-id=\"562a7bc6\" data-element_type=\"section\">\n\t\t\t\t\t\t<div class=\"elementor-container elementor-column-gap-default\">\n\t\t\t\t\t\t\t<div class=\"elementor-row\">\n\t\t\t\t\t<div class=\"elementor-column elementor-col-100 elementor-top-column elementor-element elementor-element-3beea9f3\" data-id=\"3beea9f3\" data-element_type=\"column\">\n\t\t\t<div class=\"elementor-column-wrap elementor-element-populated\">\n\t\t\t\t\t\t\t<div class=\"elementor-widget-wrap\">\n\t\t\t\t\t\t<div class=\"elementor-element elementor-element-24eb8b58 elementor-widget elementor-widget-text-editor\" data-id=\"24eb8b58\" data-element_type=\"widget\" data-widget_type=\"text-editor.default\">\n\t\t\t\t<div class=\"elementor-widget-container\">\n\t\t\t\t\t\t\t\t<div class=\"elementor-text-editor elementor-clearfix\">\n\t\t\t\t<p>[<span style=\"font-weight: var( --e-global-typography-text-font-weight );\">Fonte: https:\/\/www2.ufmg.br\/proex\/Fomento\/Pbext]<\/span><\/p>\n<p>O edital de&nbsp;<a href=\"https:\/\/www2.ufmg.br\/proex\/content\/download\/5877\/38250\/file\/EDITAL%20PROEX%20n%C2%BA%204%20de%202015%20-%20Programa%20de%20Bolsas%20de%20Extensao%20para%202016%20-%20Prorrogado.pdf\" target=\"_self\" rel=\"noopener\"><span style=\"text-decoration-line: underline;\"><span style=\"font-weight: bold;\">Fomento de Bolsas para Programas e Projetos de Extens\u00e3o (Pbext) 2016<\/span><\/span><\/a>,&nbsp; visa, por meio da concess\u00e3o de bolsas acad\u00eamicas, estimular a participa\u00e7\u00e3o dos discentes nos programas\/projetos de extens\u00e3o, buscando contribuir para a sua forma\u00e7\u00e3o acad\u00eamica e estimular o seu esp\u00edrito cr\u00edtico, bem como sua atua\u00e7\u00e3o profissional pautada na cidadania e na fun\u00e7\u00e3o social da educa\u00e7\u00e3o superior. Destinado a estudantes que atuam em a\u00e7\u00f5es de extens\u00e3o universit\u00e1ria, o Pbext oferece bolsas a graduandos de todos os cursos da UFMG .<\/p>\n<p>Oferece duas modalidades: Pbext, destinada a estudantes de gradua\u00e7\u00e3o participantes de programas e projetos de extens\u00e3o, e Pbext A\u00e7\u00e3o Afirmativa, exclusiva para alunos classificados socioeconomicamente nos n\u00edveis I a IV pela Funda\u00e7\u00e3o Universit\u00e1ria Mendes Pimentel e\/ou discentes que ingressaram na UFMG pelo sistema de b\u00f4nus ou cotas.<\/p>\n<p>As inscri\u00e7\u00f5es de propostas ao edital foram prorrogadas at\u00e9&nbsp;&nbsp;<span style=\"font-weight: bold;\">04 de setembro de 2015, at\u00e9 \u00e0s 16h<\/span>&nbsp; e dever\u00e3o ser elaboradas no&nbsp;<a href=\"https:\/\/aplicativos.ufmg.br\/proex\/fomento\/\" target=\"_self\" rel=\"noopener\"><span style=\"text-decoration-line: underline;\"><span style=\"font-weight: bold;\">Sistema de Fomento de Bolsas de Extens\u00e3o&nbsp;<\/span><\/span><\/a>de acordo com as orienta\u00e7\u00f5es para preenchimento.<\/p>\n<p><a href=\"https:\/\/www2.ufmg.br\/proex\/content\/download\/5877\/38250\/file\/EDITAL%20PROEX%20n%C2%BA%204%20de%202015%20-%20Programa%20de%20Bolsas%20de%20Extensao%20para%202016%20-%20Prorrogado.pdf\" target=\"_self\" rel=\"noopener\"><span style=\"text-decoration-line: underline;\"><span style=\"font-weight: bold;\">Leia o edital prorrogado<\/span><\/span><\/a><\/p>\t\t\t\t\t<\/div>\n\t\t\t\t\t\t<\/div>\n\t\t\t\t<\/div>\n\t\t\t\t\t\t<\/div>\n\t\t\t\t\t<\/div>\n\t\t<\/div>\n\t\t\t\t\t\t\t\t<\/div>\n\t\t\t\t\t<\/div>\n\t\t<\/section>\n\t\t\t\t\t\t\t\t\t<\/div>\n\t\t\t<\/div>\n\t\t\t\t\t<\/div>\n\t\t","protected":false},"excerpt":{"rendered":"<p>[Fonte: https:\/\/www2.ufmg.br\/proex\/Fomento\/Pbext] O edital de&nbsp;Fomento de Bolsas para Programas e Projetos de Extens&atilde;o (Pbext) 2016,&nbsp; visa, por meio da concess&atilde;o de bolsas acad&ecirc;micas, estimular a participa&ccedil;&atilde;o dos discentes nos programas\/projetos de extens&atilde;o, buscando contribuir para a sua forma&ccedil;&atilde;o acad&ecirc;mica e estimular o seu esp&iacute;rito cr&iacute;tico, bem como sua atua&ccedil;&atilde;o profissional pautada na cidadania e na &hellip; <a href=\"https:\/\/www.ufmg.br\/rededemuseus\/index.php\/2015\/08\/25\/proex-ufmg-lanca-edital-do-programa-de-bolsas-de-extensao-2016\/\" class=\"more-link\">Continue lendo <span class=\"screen-reader-text\">Proex UFMG lan\u00e7a edital do Programa de Bolsas de Extens\u00e3o 2016<\/span> <span class=\"meta-nav\">&rarr;<\/span><\/a><\/p>\n","protected":false},"author":1,"featured_media":1944,"comment_status":"closed","ping_status":"closed","sticky":false,"template":"","format":"standard","meta":{"om_disable_all_campaigns":false,"_monsterinsights_skip_tracking":false,"_monsterinsights_sitenote_active":false,"_monsterinsights_sitenote_note":"","_monsterinsights_sitenote_category":0},"categories":[201,203],"tags":[],"aioseo_notices":[],"_links":{"self":[{"href":"https:\/\/www.ufmg.br\/rededemuseus\/index.php\/wp-json\/wp\/v2\/posts\/2087"}],"collection":[{"href":"https:\/\/www.ufmg.br\/rededemuseus\/index.php\/wp-json\/wp\/v2\/posts"}],"about":[{"href":"https:\/\/www.ufmg.br\/rededemuseus\/index.php\/wp-json\/wp\/v2\/types\/post"}],"author":[{"embeddable":true,"href":"https:\/\/www.ufmg.br\/rededemuseus\/index.php\/wp-json\/wp\/v2\/users\/1"}],"replies":[{"embeddable":true,"href":"https:\/\/www.ufmg.br\/rededemuseus\/index.php\/wp-json\/wp\/v2\/comments?post=2087"}],"version-history":[{"count":11,"href":"https:\/\/www.ufmg.br\/rededemuseus\/index.php\/wp-json\/wp\/v2\/posts\/2087\/revisions"}],"predecessor-version":[{"id":2104,"href":"https:\/\/www.ufmg.br\/rededemuseus\/index.php\/wp-json\/wp\/v2\/posts\/2087\/revisions\/2104"}],"wp:featuredmedia":[{"embeddable":true,"href":"https:\/\/www.ufmg.br\/rededemuseus\/index.php\/wp-json\/wp\/v2\/media\/1944"}],"wp:attachment":[{"href":"https:\/\/www.ufmg.br\/rededemuseus\/index.php\/wp-json\/wp\/v2\/media?parent=2087"}],"wp:term":[{"taxonomy":"category","embeddable":true,"href":"https:\/\/www.ufmg.br\/rededemuseus\/index.php\/wp-json\/wp\/v2\/categories?post=2087"},{"taxonomy":"post_tag","embeddable":true,"href":"https:\/\/www.ufmg.br\/rededemuseus\/index.php\/wp-json\/wp\/v2\/tags?post=2087"}],"curies":[{"name":"wp","href":"https:\/\/api.w.org\/{rel}","templated":true}]}}