

{"id":2159,"date":"2016-04-04T07:47:59","date_gmt":"2016-04-04T10:47:59","guid":{"rendered":"https:\/\/www.ufmg.br\/rededemuseus\/?p=2159"},"modified":"2022-07-27T09:20:02","modified_gmt":"2022-07-27T12:20:02","slug":"ministerio-da-ciencia-tecnologia-e-inovacao-seleciona-projetos-de-eventos-para-a-semana-nacional-de-ciencia-e-tecnologia-inscricoes-ate-12-de-maio-de-2016","status":"publish","type":"post","link":"https:\/\/www.ufmg.br\/rededemuseus\/index.php\/2016\/04\/04\/ministerio-da-ciencia-tecnologia-e-inovacao-seleciona-projetos-de-eventos-para-a-semana-nacional-de-ciencia-e-tecnologia-inscricoes-ate-12-de-maio-de-2016\/","title":{"rendered":"Minist\u00e9rio da Ci\u00eancia, Tecnologia e Inova\u00e7\u00e3o seleciona projetos de eventos para a Semana Nacional de Ci\u00eancia e Tecnologia: inscri\u00e7\u00f5es at\u00e9 12 de maio de 2016"},"content":{"rendered":"\t\t<div data-elementor-type=\"wp-post\" data-elementor-id=\"2159\" class=\"elementor elementor-2159\">\n\t\t\t\t\t\t<div class=\"elementor-inner\">\n\t\t\t\t<div class=\"elementor-section-wrap\">\n\t\t\t\t\t\t\t\t\t<section class=\"elementor-section elementor-top-section elementor-element elementor-element-1e90fe59 elementor-section-boxed elementor-section-height-default elementor-section-height-default\" data-id=\"1e90fe59\" data-element_type=\"section\">\n\t\t\t\t\t\t<div class=\"elementor-container elementor-column-gap-default\">\n\t\t\t\t\t\t\t<div class=\"elementor-row\">\n\t\t\t\t\t<div class=\"elementor-column elementor-col-100 elementor-top-column elementor-element elementor-element-7dc043ec\" data-id=\"7dc043ec\" data-element_type=\"column\">\n\t\t\t<div class=\"elementor-column-wrap elementor-element-populated\">\n\t\t\t\t\t\t\t<div class=\"elementor-widget-wrap\">\n\t\t\t\t\t\t<div class=\"elementor-element elementor-element-2e4a3057 elementor-widget elementor-widget-text-editor\" data-id=\"2e4a3057\" data-element_type=\"widget\" data-widget_type=\"text-editor.default\">\n\t\t\t\t<div class=\"elementor-widget-container\">\n\t\t\t\t\t\t\t\t<div class=\"elementor-text-editor elementor-clearfix\">\n\t\t\t\t<p>[Fonte: MCTI]<\/p><p>EVENTOS DA SEMANA NACIONAL DE CI\u00caNCIA E TECNOLOGIA &#8211; SNCT<\/p><p>Est\u00e3o abertas, at\u00e9 12 de maio de 2016, as inscri\u00e7\u00f5es para os interessados em participar do concurso de sele\u00e7\u00e3o de projetos de eventos para a Semana Nacional de Ci\u00eancia e Tecnologia 2016.<br \/>A Secretaria de Ci\u00eancia e Tecnologia para Inclus\u00e3o Social (SECIS) divulgou o edital do &#8220;Concurso de Sele\u00e7\u00e3o de Projetos&#8221; para Eventos cient\u00edficos no pa\u00eds. O Edital destinar\u00e1 um total de R$ 4,42 milh\u00f5es aos eventos selecionados, de todos os Estados Brasileiros. As propostas dever\u00e3o ser elaboradas de acordo com as faixas de distribui\u00e7\u00e3o previstas no Edital de Concurso.<\/p><p>Confira o <span style=\"text-decoration: underline;\"><a href=\"https:\/\/issuu.com\/semananacionaldect\/docs\/edital_concurso_snct_2016___3_\" target=\"_blank\" rel=\"noopener\">edital<\/a><\/span>, divulgue e compartilhe!<\/p><p>D\u00daVIDAS E INFORMA\u00c7\u00d5ES ADICIONAIS<br \/>Departamento de Populariza\u00e7\u00e3o da Ci\u00eancia e Tecnologia \u2013 DEPDI<br \/>Secretaria de Ci\u00eancia e Tecnologia para Inclus\u00e3o Social \u2013 SECIS\/MCTI<br \/>Telefones: (61) 2033-7826 \/ 2033-7456 \/ 2033-8782<br \/>E-mail: snct@mcti.gov.br<\/p>\t\t\t\t\t<\/div>\n\t\t\t\t\t\t<\/div>\n\t\t\t\t<\/div>\n\t\t\t\t\t\t<\/div>\n\t\t\t\t\t<\/div>\n\t\t<\/div>\n\t\t\t\t\t\t\t\t<\/div>\n\t\t\t\t\t<\/div>\n\t\t<\/section>\n\t\t\t\t\t\t\t\t\t<\/div>\n\t\t\t<\/div>\n\t\t\t\t\t<\/div>\n\t\t","protected":false},"excerpt":{"rendered":"<p>[Fonte: MCTI] EVENTOS DA SEMANA NACIONAL DE CI&Ecirc;NCIA E TECNOLOGIA &ndash; SNCT Est&atilde;o abertas, at&eacute; 12 de maio de 2016, as inscri&ccedil;&otilde;es para os interessados em participar do concurso de sele&ccedil;&atilde;o de projetos de eventos para a Semana Nacional de Ci&ecirc;ncia e Tecnologia 2016.A Secretaria de Ci&ecirc;ncia e Tecnologia para Inclus&atilde;o Social (SECIS) divulgou o &hellip; <a href=\"https:\/\/www.ufmg.br\/rededemuseus\/index.php\/2016\/04\/04\/ministerio-da-ciencia-tecnologia-e-inovacao-seleciona-projetos-de-eventos-para-a-semana-nacional-de-ciencia-e-tecnologia-inscricoes-ate-12-de-maio-de-2016\/\" class=\"more-link\">Continue lendo <span class=\"screen-reader-text\">Minist\u00e9rio da Ci\u00eancia, Tecnologia e Inova\u00e7\u00e3o seleciona projetos de eventos para a Semana Nacional de Ci\u00eancia e Tecnologia: inscri\u00e7\u00f5es at\u00e9 12 de maio de 2016<\/span> <span class=\"meta-nav\">&rarr;<\/span><\/a><\/p>\n","protected":false},"author":1,"featured_media":2141,"comment_status":"closed","ping_status":"closed","sticky":false,"template":"","format":"standard","meta":{"om_disable_all_campaigns":false,"_monsterinsights_skip_tracking":false,"_monsterinsights_sitenote_active":false,"_monsterinsights_sitenote_note":"","_monsterinsights_sitenote_category":0},"categories":[202,201],"tags":[],"aioseo_notices":[],"_links":{"self":[{"href":"https:\/\/www.ufmg.br\/rededemuseus\/index.php\/wp-json\/wp\/v2\/posts\/2159"}],"collection":[{"href":"https:\/\/www.ufmg.br\/rededemuseus\/index.php\/wp-json\/wp\/v2\/posts"}],"about":[{"href":"https:\/\/www.ufmg.br\/rededemuseus\/index.php\/wp-json\/wp\/v2\/types\/post"}],"author":[{"embeddable":true,"href":"https:\/\/www.ufmg.br\/rededemuseus\/index.php\/wp-json\/wp\/v2\/users\/1"}],"replies":[{"embeddable":true,"href":"https:\/\/www.ufmg.br\/rededemuseus\/index.php\/wp-json\/wp\/v2\/comments?post=2159"}],"version-history":[{"count":5,"href":"https:\/\/www.ufmg.br\/rededemuseus\/index.php\/wp-json\/wp\/v2\/posts\/2159\/revisions"}],"predecessor-version":[{"id":2479,"href":"https:\/\/www.ufmg.br\/rededemuseus\/index.php\/wp-json\/wp\/v2\/posts\/2159\/revisions\/2479"}],"wp:featuredmedia":[{"embeddable":true,"href":"https:\/\/www.ufmg.br\/rededemuseus\/index.php\/wp-json\/wp\/v2\/media\/2141"}],"wp:attachment":[{"href":"https:\/\/www.ufmg.br\/rededemuseus\/index.php\/wp-json\/wp\/v2\/media?parent=2159"}],"wp:term":[{"taxonomy":"category","embeddable":true,"href":"https:\/\/www.ufmg.br\/rededemuseus\/index.php\/wp-json\/wp\/v2\/categories?post=2159"},{"taxonomy":"post_tag","embeddable":true,"href":"https:\/\/www.ufmg.br\/rededemuseus\/index.php\/wp-json\/wp\/v2\/tags?post=2159"}],"curies":[{"name":"wp","href":"https:\/\/api.w.org\/{rel}","templated":true}]}}