

{"id":2240,"date":"2020-12-18T09:34:13","date_gmt":"2020-12-18T12:34:13","guid":{"rendered":"https:\/\/www.ufmg.br\/rededemuseus\/?p=2240"},"modified":"2022-07-27T09:18:14","modified_gmt":"2022-07-27T12:18:14","slug":"programa-de-bolsas-de-iniciacao-cientifica-para-a-rede-de-museus-edital-abre-inscricoes-entre-18-de-dezembro-e-25-de-janeiro-16h","status":"publish","type":"post","link":"https:\/\/www.ufmg.br\/rededemuseus\/index.php\/2020\/12\/18\/programa-de-bolsas-de-iniciacao-cientifica-para-a-rede-de-museus-edital-abre-inscricoes-entre-18-de-dezembro-e-25-de-janeiro-16h\/","title":{"rendered":"Programa de bolsas de Inicia\u00e7\u00e3o Cient\u00edfica para a Rede de Museus: edital abre inscri\u00e7\u00f5es entre 18 de dezembro e 25 de janeiro (16h)"},"content":{"rendered":"\t\t<div data-elementor-type=\"wp-post\" data-elementor-id=\"2240\" class=\"elementor elementor-2240\">\n\t\t\t\t\t\t<div class=\"elementor-inner\">\n\t\t\t\t<div class=\"elementor-section-wrap\">\n\t\t\t\t\t\t\t\t\t<section class=\"elementor-section elementor-top-section elementor-element elementor-element-73c719fe elementor-section-boxed elementor-section-height-default elementor-section-height-default\" data-id=\"73c719fe\" data-element_type=\"section\">\n\t\t\t\t\t\t<div class=\"elementor-container elementor-column-gap-default\">\n\t\t\t\t\t\t\t<div class=\"elementor-row\">\n\t\t\t\t\t<div class=\"elementor-column elementor-col-100 elementor-top-column elementor-element elementor-element-3ea65677\" data-id=\"3ea65677\" data-element_type=\"column\">\n\t\t\t<div class=\"elementor-column-wrap elementor-element-populated\">\n\t\t\t\t\t\t\t<div class=\"elementor-widget-wrap\">\n\t\t\t\t\t\t<div class=\"elementor-element elementor-element-7a835608 elementor-widget elementor-widget-text-editor\" data-id=\"7a835608\" data-element_type=\"widget\" data-widget_type=\"text-editor.default\">\n\t\t\t\t<div class=\"elementor-widget-container\">\n\t\t\t\t\t\t\t\t<div class=\"elementor-text-editor elementor-clearfix\">\n\t\t\t\t<p>A Pr\u00f3-Reitoria de Pesquisa (PRPq) e a Pr\u00f3-Reitoria de Extens\u00e3o (PROEX) tornam p\u00fablico que est\u00e3o abertas inscri\u00e7\u00f5es para candidatos a ORIENTADORES(AS) do Programa Institucional de Bolsas de Inicia\u00e7\u00e3o Cient\u00edfica em Interface com a Extens\u00e3o da Universidade Federal de Minas Gerais, administrado pela PRPq.<\/p><p>As inscri\u00e7\u00f5es devem ser feitas entre 18 de dezembro de 2020 e 25 de janeiro de 2021 (16h).<\/p><p>Edital dispon\u00edvel em:<\/p><p><a href=\"https:\/\/www.ufmg.br\/prpq\/wp-content\/uploads\/2020\/12\/Edital-08_2020.pdf\" target=\"_blank\" rel=\"noopener\">https:\/\/www.ufmg.br\/prpq\/wp-content\/uploads\/2020\/12\/Edital-08_2020.pdf<\/a><\/p><p>CRONOGRAMA<\/p><p>Per\u00edodo de solicita\u00e7\u00e3o: De 18\/12\/2020 a 25\/01\/2021 \u00e0s 16 horas<\/p><p>Divulga\u00e7\u00e3o da lista de aprovados: A partir de 04\/02\/2021<\/p><p>Per\u00edodo para recurso: At\u00e9 10 dias corridos ap\u00f3s a divulga\u00e7\u00e3o da lista de aprovados<\/p><p>Divulga\u00e7\u00e3o do resultado: A partir de 17\/02\/2021<\/p><p>Per\u00edodo de indica\u00e7\u00e3o de bolsistas: De 17\/02\/2021 at\u00e9 05\/03\/2021<\/p><p>Per\u00edodo de vig\u00eancia: 01\/03\/2021 a 28\/02\/2022<\/p>\t\t\t\t\t<\/div>\n\t\t\t\t\t\t<\/div>\n\t\t\t\t<\/div>\n\t\t\t\t\t\t<\/div>\n\t\t\t\t\t<\/div>\n\t\t<\/div>\n\t\t\t\t\t\t\t\t<\/div>\n\t\t\t\t\t<\/div>\n\t\t<\/section>\n\t\t\t\t\t\t\t\t\t<\/div>\n\t\t\t<\/div>\n\t\t\t\t\t<\/div>\n\t\t","protected":false},"excerpt":{"rendered":"<p>A Pr&oacute;-Reitoria de Pesquisa (PRPq) e a Pr&oacute;-Reitoria de Extens&atilde;o (PROEX) tornam p&uacute;blico que est&atilde;o abertas inscri&ccedil;&otilde;es para candidatos a ORIENTADORES(AS) do Programa Institucional de Bolsas de Inicia&ccedil;&atilde;o Cient&iacute;fica em Interface com a Extens&atilde;o da Universidade Federal de Minas Gerais, administrado pela PRPq. As inscri&ccedil;&otilde;es devem ser feitas entre 18 de dezembro de 2020 e &hellip; <a href=\"https:\/\/www.ufmg.br\/rededemuseus\/index.php\/2020\/12\/18\/programa-de-bolsas-de-iniciacao-cientifica-para-a-rede-de-museus-edital-abre-inscricoes-entre-18-de-dezembro-e-25-de-janeiro-16h\/\" class=\"more-link\">Continue lendo <span class=\"screen-reader-text\">Programa de bolsas de Inicia\u00e7\u00e3o Cient\u00edfica para a Rede de Museus: edital abre inscri\u00e7\u00f5es entre 18 de dezembro e 25 de janeiro (16h)<\/span> <span class=\"meta-nav\">&rarr;<\/span><\/a><\/p>\n","protected":false},"author":1,"featured_media":2144,"comment_status":"closed","ping_status":"closed","sticky":false,"template":"","format":"standard","meta":{"om_disable_all_campaigns":false,"_monsterinsights_skip_tracking":false,"_monsterinsights_sitenote_active":false,"_monsterinsights_sitenote_note":"","_monsterinsights_sitenote_category":0},"categories":[201,204],"tags":[],"aioseo_notices":[],"_links":{"self":[{"href":"https:\/\/www.ufmg.br\/rededemuseus\/index.php\/wp-json\/wp\/v2\/posts\/2240"}],"collection":[{"href":"https:\/\/www.ufmg.br\/rededemuseus\/index.php\/wp-json\/wp\/v2\/posts"}],"about":[{"href":"https:\/\/www.ufmg.br\/rededemuseus\/index.php\/wp-json\/wp\/v2\/types\/post"}],"author":[{"embeddable":true,"href":"https:\/\/www.ufmg.br\/rededemuseus\/index.php\/wp-json\/wp\/v2\/users\/1"}],"replies":[{"embeddable":true,"href":"https:\/\/www.ufmg.br\/rededemuseus\/index.php\/wp-json\/wp\/v2\/comments?post=2240"}],"version-history":[{"count":4,"href":"https:\/\/www.ufmg.br\/rededemuseus\/index.php\/wp-json\/wp\/v2\/posts\/2240\/revisions"}],"predecessor-version":[{"id":2500,"href":"https:\/\/www.ufmg.br\/rededemuseus\/index.php\/wp-json\/wp\/v2\/posts\/2240\/revisions\/2500"}],"wp:featuredmedia":[{"embeddable":true,"href":"https:\/\/www.ufmg.br\/rededemuseus\/index.php\/wp-json\/wp\/v2\/media\/2144"}],"wp:attachment":[{"href":"https:\/\/www.ufmg.br\/rededemuseus\/index.php\/wp-json\/wp\/v2\/media?parent=2240"}],"wp:term":[{"taxonomy":"category","embeddable":true,"href":"https:\/\/www.ufmg.br\/rededemuseus\/index.php\/wp-json\/wp\/v2\/categories?post=2240"},{"taxonomy":"post_tag","embeddable":true,"href":"https:\/\/www.ufmg.br\/rededemuseus\/index.php\/wp-json\/wp\/v2\/tags?post=2240"}],"curies":[{"name":"wp","href":"https:\/\/api.w.org\/{rel}","templated":true}]}}