

{"id":2621,"date":"2015-10-17T10:06:16","date_gmt":"2015-10-17T13:06:16","guid":{"rendered":"https:\/\/www.ufmg.br\/rededemuseus\/?p=2621"},"modified":"2022-07-27T10:10:50","modified_gmt":"2022-07-27T13:10:50","slug":"visite-a-mostra-virtual-pesquisa-e-extensao-na-rede-de-museus","status":"publish","type":"post","link":"https:\/\/www.ufmg.br\/rededemuseus\/index.php\/2015\/10\/17\/visite-a-mostra-virtual-pesquisa-e-extensao-na-rede-de-museus\/","title":{"rendered":"Visite a Mostra Virtual &#8220;Pesquisa e Extens\u00e3o na Rede de Museus&#8221;"},"content":{"rendered":"\t\t<div data-elementor-type=\"wp-post\" data-elementor-id=\"2621\" class=\"elementor elementor-2621\">\n\t\t\t\t\t\t<div class=\"elementor-inner\">\n\t\t\t\t<div class=\"elementor-section-wrap\">\n\t\t\t\t\t\t\t\t\t<section class=\"elementor-section elementor-top-section elementor-element elementor-element-c697ca2 elementor-section-boxed elementor-section-height-default elementor-section-height-default\" data-id=\"c697ca2\" data-element_type=\"section\">\n\t\t\t\t\t\t<div class=\"elementor-container elementor-column-gap-default\">\n\t\t\t\t\t\t\t<div class=\"elementor-row\">\n\t\t\t\t\t<div class=\"elementor-column elementor-col-100 elementor-top-column elementor-element elementor-element-4d24b05\" data-id=\"4d24b05\" data-element_type=\"column\">\n\t\t\t<div class=\"elementor-column-wrap elementor-element-populated\">\n\t\t\t\t\t\t\t<div class=\"elementor-widget-wrap\">\n\t\t\t\t\t\t<div class=\"elementor-element elementor-element-d21dd2b elementor-widget elementor-widget-text-editor\" data-id=\"d21dd2b\" data-element_type=\"widget\" data-widget_type=\"text-editor.default\">\n\t\t\t\t<div class=\"elementor-widget-container\">\n\t\t\t\t\t\t\t\t<div class=\"elementor-text-editor elementor-clearfix\">\n\t\t\t\tA Mostra Virtual &#8220;Pesquisa e Extens\u00e3o na Rede de Museus&#8221; re\u00fane trabalhos apresentados em diversas unidades acad\u00eamicas durante a Semana do Conhecimento.<\/span>\n\nNosso prop\u00f3sito \u00e9 disseminar o conhecimento a respeito das atividades de pesquisa e extens\u00e3o desenvolvidas por bolsistas nos espa\u00e7os integrantes da Rede de Museus, fomentando a intera\u00e7\u00e3o da comunidade universit\u00e1ria.\n\n<\/div>\n<div><\/div>\n<div>Para acessar, <a href=\"http:\/\/www.ufmg.br\/rededemuseus\/mostravirtual2015\" target=\"_blank\" rel=\"noopener\">clique aqui<\/a>.<\/div>\t\t\t\t\t<\/div>\n\t\t\t\t\t\t<\/div>\n\t\t\t\t<\/div>\n\t\t\t\t\t\t<\/div>\n\t\t\t\t\t<\/div>\n\t\t<\/div>\n\t\t\t\t\t\t\t\t<\/div>\n\t\t\t\t\t<\/div>\n\t\t<\/section>\n\t\t\t\t\t\t\t\t\t<\/div>\n\t\t\t<\/div>\n\t\t\t\t\t<\/div>\n\t\t","protected":false},"excerpt":{"rendered":"<p>A Mostra Virtual &ldquo;Pesquisa e Extens&atilde;o na Rede de Museus&rdquo; re&uacute;ne trabalhos apresentados em diversas unidades acad&ecirc;micas durante a Semana do Conhecimento. Nosso prop&oacute;sito &eacute; disseminar o conhecimento a respeito das atividades de pesquisa e extens&atilde;o desenvolvidas por bolsistas nos espa&ccedil;os integrantes da Rede de Museus, fomentando a intera&ccedil;&atilde;o da comunidade universit&aacute;ria. Para acessar, clique &hellip; <a href=\"https:\/\/www.ufmg.br\/rededemuseus\/index.php\/2015\/10\/17\/visite-a-mostra-virtual-pesquisa-e-extensao-na-rede-de-museus\/\" class=\"more-link\">Continue lendo <span class=\"screen-reader-text\">Visite a Mostra Virtual &#8220;Pesquisa e Extens\u00e3o na Rede de Museus&#8221;<\/span> <span class=\"meta-nav\">&rarr;<\/span><\/a><\/p>\n","protected":false},"author":1,"featured_media":2625,"comment_status":"closed","ping_status":"closed","sticky":false,"template":"","format":"standard","meta":{"om_disable_all_campaigns":false,"_monsterinsights_skip_tracking":false,"_monsterinsights_sitenote_active":false,"_monsterinsights_sitenote_note":"","_monsterinsights_sitenote_category":0},"categories":[223],"tags":[],"aioseo_notices":[],"_links":{"self":[{"href":"https:\/\/www.ufmg.br\/rededemuseus\/index.php\/wp-json\/wp\/v2\/posts\/2621"}],"collection":[{"href":"https:\/\/www.ufmg.br\/rededemuseus\/index.php\/wp-json\/wp\/v2\/posts"}],"about":[{"href":"https:\/\/www.ufmg.br\/rededemuseus\/index.php\/wp-json\/wp\/v2\/types\/post"}],"author":[{"embeddable":true,"href":"https:\/\/www.ufmg.br\/rededemuseus\/index.php\/wp-json\/wp\/v2\/users\/1"}],"replies":[{"embeddable":true,"href":"https:\/\/www.ufmg.br\/rededemuseus\/index.php\/wp-json\/wp\/v2\/comments?post=2621"}],"version-history":[{"count":6,"href":"https:\/\/www.ufmg.br\/rededemuseus\/index.php\/wp-json\/wp\/v2\/posts\/2621\/revisions"}],"predecessor-version":[{"id":2628,"href":"https:\/\/www.ufmg.br\/rededemuseus\/index.php\/wp-json\/wp\/v2\/posts\/2621\/revisions\/2628"}],"wp:featuredmedia":[{"embeddable":true,"href":"https:\/\/www.ufmg.br\/rededemuseus\/index.php\/wp-json\/wp\/v2\/media\/2625"}],"wp:attachment":[{"href":"https:\/\/www.ufmg.br\/rededemuseus\/index.php\/wp-json\/wp\/v2\/media?parent=2621"}],"wp:term":[{"taxonomy":"category","embeddable":true,"href":"https:\/\/www.ufmg.br\/rededemuseus\/index.php\/wp-json\/wp\/v2\/categories?post=2621"},{"taxonomy":"post_tag","embeddable":true,"href":"https:\/\/www.ufmg.br\/rededemuseus\/index.php\/wp-json\/wp\/v2\/tags?post=2621"}],"curies":[{"name":"wp","href":"https:\/\/api.w.org\/{rel}","templated":true}]}}