

{"id":2692,"date":"2015-11-10T10:56:30","date_gmt":"2015-11-10T12:56:30","guid":{"rendered":"https:\/\/www.ufmg.br\/rededemuseus\/?p=2692"},"modified":"2022-07-27T10:58:24","modified_gmt":"2022-07-27T13:58:24","slug":"elementor-2692","status":"publish","type":"post","link":"https:\/\/www.ufmg.br\/rededemuseus\/index.php\/2015\/11\/10\/elementor-2692\/","title":{"rendered":"Centro de Mem\u00f3ria da Farm\u00e1cia inaugura exposi\u00e7\u00e3o &#8220;Drummond: Alquimia Po\u00e9tica&#8221; com palestra, no dia 16 de novembro."},"content":{"rendered":"\t\t<div data-elementor-type=\"wp-post\" data-elementor-id=\"2692\" class=\"elementor elementor-2692\">\n\t\t\t\t\t\t<div class=\"elementor-inner\">\n\t\t\t\t<div class=\"elementor-section-wrap\">\n\t\t\t\t\t\t\t\t\t<section class=\"elementor-section elementor-top-section elementor-element elementor-element-69ce085 elementor-section-boxed elementor-section-height-default elementor-section-height-default\" data-id=\"69ce085\" data-element_type=\"section\">\n\t\t\t\t\t\t<div class=\"elementor-container elementor-column-gap-default\">\n\t\t\t\t\t\t\t<div class=\"elementor-row\">\n\t\t\t\t\t<div class=\"elementor-column elementor-col-100 elementor-top-column elementor-element elementor-element-e3d203c\" data-id=\"e3d203c\" data-element_type=\"column\">\n\t\t\t<div class=\"elementor-column-wrap elementor-element-populated\">\n\t\t\t\t\t\t\t<div class=\"elementor-widget-wrap\">\n\t\t\t\t\t\t<div class=\"elementor-element elementor-element-2396c95 elementor-widget elementor-widget-image\" data-id=\"2396c95\" data-element_type=\"widget\" data-widget_type=\"image.default\">\n\t\t\t\t<div class=\"elementor-widget-container\">\n\t\t\t\t\t\t\t\t<div class=\"elementor-image\">\n\t\t\t\t\t\t\t\t\t\t\t\t\t<a href=\"https:\/\/www.ufmg.br\/rededemuseus\/wp-content\/uploads\/2022\/07\/20151116_farmacia_eventos.png\" data-elementor-open-lightbox=\"yes\" data-elementor-lightbox-title=\"20151116_farmacia_eventos\" e-action-hash=\"#elementor-action%3Aaction%3Dlightbox%26settings%3DeyJpZCI6MjY5MywidXJsIjoiaHR0cHM6XC9cL3d3dy51Zm1nLmJyXC9yZWRlZGVtdXNldXNcL3dwLWNvbnRlbnRcL3VwbG9hZHNcLzIwMjJcLzA3XC8yMDE1MTExNl9mYXJtYWNpYV9ldmVudG9zLnBuZyJ9\">\n\t\t\t\t\t\t\t<img width=\"604\" height=\"529\" src=\"https:\/\/www.ufmg.br\/rededemuseus\/wp-content\/uploads\/2022\/07\/20151116_farmacia_eventos.png\" class=\"attachment-large size-large\" alt=\"\" loading=\"lazy\" srcset=\"https:\/\/www.ufmg.br\/rededemuseus\/wp-content\/uploads\/2022\/07\/20151116_farmacia_eventos.png 800w, https:\/\/www.ufmg.br\/rededemuseus\/wp-content\/uploads\/2022\/07\/20151116_farmacia_eventos-300x263.png 300w, https:\/\/www.ufmg.br\/rededemuseus\/wp-content\/uploads\/2022\/07\/20151116_farmacia_eventos-768x673.png 768w\" sizes=\"(max-width: 604px) 100vw, 604px\" \/>\t\t\t\t\t\t\t\t<\/a>\n\t\t\t\t\t\t\t\t\t\t\t\t\t\t<\/div>\n\t\t\t\t\t\t<\/div>\n\t\t\t\t<\/div>\n\t\t\t\t\t\t<\/div>\n\t\t\t\t\t<\/div>\n\t\t<\/div>\n\t\t\t\t\t\t\t\t<\/div>\n\t\t\t\t\t<\/div>\n\t\t<\/section>\n\t\t\t\t\t\t\t\t\t<\/div>\n\t\t\t<\/div>\n\t\t\t\t\t<\/div>\n\t\t","protected":false},"excerpt":{"rendered":"","protected":false},"author":1,"featured_media":2690,"comment_status":"closed","ping_status":"closed","sticky":false,"template":"","format":"standard","meta":{"om_disable_all_campaigns":false,"_monsterinsights_skip_tracking":false,"_monsterinsights_sitenote_active":false,"_monsterinsights_sitenote_note":"","_monsterinsights_sitenote_category":0},"categories":[223],"tags":[],"aioseo_notices":[],"_links":{"self":[{"href":"https:\/\/www.ufmg.br\/rededemuseus\/index.php\/wp-json\/wp\/v2\/posts\/2692"}],"collection":[{"href":"https:\/\/www.ufmg.br\/rededemuseus\/index.php\/wp-json\/wp\/v2\/posts"}],"about":[{"href":"https:\/\/www.ufmg.br\/rededemuseus\/index.php\/wp-json\/wp\/v2\/types\/post"}],"author":[{"embeddable":true,"href":"https:\/\/www.ufmg.br\/rededemuseus\/index.php\/wp-json\/wp\/v2\/users\/1"}],"replies":[{"embeddable":true,"href":"https:\/\/www.ufmg.br\/rededemuseus\/index.php\/wp-json\/wp\/v2\/comments?post=2692"}],"version-history":[{"count":4,"href":"https:\/\/www.ufmg.br\/rededemuseus\/index.php\/wp-json\/wp\/v2\/posts\/2692\/revisions"}],"predecessor-version":[{"id":2697,"href":"https:\/\/www.ufmg.br\/rededemuseus\/index.php\/wp-json\/wp\/v2\/posts\/2692\/revisions\/2697"}],"wp:featuredmedia":[{"embeddable":true,"href":"https:\/\/www.ufmg.br\/rededemuseus\/index.php\/wp-json\/wp\/v2\/media\/2690"}],"wp:attachment":[{"href":"https:\/\/www.ufmg.br\/rededemuseus\/index.php\/wp-json\/wp\/v2\/media?parent=2692"}],"wp:term":[{"taxonomy":"category","embeddable":true,"href":"https:\/\/www.ufmg.br\/rededemuseus\/index.php\/wp-json\/wp\/v2\/categories?post=2692"},{"taxonomy":"post_tag","embeddable":true,"href":"https:\/\/www.ufmg.br\/rededemuseus\/index.php\/wp-json\/wp\/v2\/tags?post=2692"}],"curies":[{"name":"wp","href":"https:\/\/api.w.org\/{rel}","templated":true}]}}