

{"id":2736,"date":"2016-05-12T10:05:11","date_gmt":"2016-05-12T13:05:11","guid":{"rendered":"https:\/\/www.ufmg.br\/rededemuseus\/?p=2736"},"modified":"2023-02-14T10:08:21","modified_gmt":"2023-02-14T13:08:21","slug":"rede-de-museus-realiza-forum-de-criacao-do-nucleo-integrador-orgao-de-assessoria-tecnico-cientifica-previsto-em-seu-novo-regimento","status":"publish","type":"post","link":"https:\/\/www.ufmg.br\/rededemuseus\/index.php\/2016\/05\/12\/rede-de-museus-realiza-forum-de-criacao-do-nucleo-integrador-orgao-de-assessoria-tecnico-cientifica-previsto-em-seu-novo-regimento\/","title":{"rendered":"Rede de Museus realiza f\u00f3rum de cria\u00e7\u00e3o do N\u00facleo Integrador, \u00f3rg\u00e3o de assessoria t\u00e9cnico-cient\u00edfica previsto em seu novo regimento"},"content":{"rendered":"\t\t<div data-elementor-type=\"wp-post\" data-elementor-id=\"2736\" class=\"elementor elementor-2736\">\n\t\t\t\t\t\t<div class=\"elementor-inner\">\n\t\t\t\t<div class=\"elementor-section-wrap\">\n\t\t\t\t\t\t\t\t\t<section class=\"elementor-section elementor-top-section elementor-element elementor-element-6e3bfb7 elementor-section-boxed elementor-section-height-default elementor-section-height-default\" data-id=\"6e3bfb7\" data-element_type=\"section\">\n\t\t\t\t\t\t<div class=\"elementor-container elementor-column-gap-default\">\n\t\t\t\t\t\t\t<div class=\"elementor-row\">\n\t\t\t\t\t<div class=\"elementor-column elementor-col-100 elementor-top-column elementor-element elementor-element-ae84691\" data-id=\"ae84691\" data-element_type=\"column\">\n\t\t\t<div class=\"elementor-column-wrap elementor-element-populated\">\n\t\t\t\t\t\t\t<div class=\"elementor-widget-wrap\">\n\t\t\t\t\t\t<div class=\"elementor-element elementor-element-c1ba4e0 elementor-widget elementor-widget-html\" data-id=\"c1ba4e0\" data-element_type=\"widget\" data-widget_type=\"html.default\">\n\t\t\t\t<div class=\"elementor-widget-container\">\n\t\t\t<p>O F\u00f3rum de Cria\u00e7\u00e3o do N\u00facleo Integrador da Rede de Museus ocorreu no dia 12 de maio de 2016, no audit\u00f3rio do Museu de Ci\u00eancias Morfol\u00f3gicas. O evento contou com a participa\u00e7\u00e3o de coordenadores e representantes dos espa\u00e7os integrantes da Rede de Museus, al\u00e9m de professores e especialistas da UFMG provenientes dos cursos de Museologia, Arquivologia, Conserva\u00e7\u00e3o e Restauro, al\u00e9m do Sistema de Bibliotecas, ou seja, \u00e1reas relacionadas \u00e0s atividades desenvolvidas cotidianamente nos museus e espa\u00e7os de ci\u00eancias e cultura da universidade.<br \/><br \/>As atividades se iniciaram com a apresenta\u00e7\u00e3o dos resultados preliminares do projeto coordenado pelos professores do curso de Museologia Let\u00edcia Juli\u00e3o, Paulo Sabino e Eliane Cristina, denominado \u201cAvalia\u00e7\u00e3o Museol\u00f3gica: Cole\u00e7\u00f5es e Museus da UFMG\u201d. Em seguida, Marcus Silveira apresentou os resultados do projeto \u201cDiagn\u00f3stico das condi\u00e7\u00f5es de inventaria\u00e7\u00e3o e informatiza\u00e7\u00e3o dos metadados referentes ao acervo dos espa\u00e7os integrantes da Rede de Museus e Espa\u00e7os de Ci\u00eancias e Cultura da UFMG\u201d. Os dois projetos foram desenvolvidos no \u00e2mbito do Edital 10\/2014 da PRPq e fornecem subs\u00eddios para a elabora\u00e7\u00e3o de estrat\u00e9gias de a\u00e7\u00e3o conjunta na Rede de Museus.<br \/><br \/>Durante os trabalhos, foram discutidas as diretrizes para a defini\u00e7\u00e3o das normas de funcionamento do N\u00facleo Integrador. Tamb\u00e9m foram apresentados nomes para a composi\u00e7\u00e3o do N\u00facleo Integrador, que ser\u00e3o submetidos \u00e0 aprova\u00e7\u00e3o na pr\u00f3xima reuni\u00e3o do Conselho Coordenador da Rede de Museus.<\/p>\r\n<p>A expectativa \u00e9 que o N\u00facleo Integrador catalise a forma\u00e7\u00e3o de Grupos de Trabalho que formulem propostas de a\u00e7\u00e3o conjunta da Rede de Museus nas \u00e1reas de \u201cextrovers\u00e3o de acervos, a\u00e7\u00e3o educativa, tratamento de acervos, comunica\u00e7\u00e3o e p\u00fablico e gest\u00e3o da informa\u00e7\u00e3o\u201d.<\/p>\r\n\t\t<\/div>\n\t\t\t\t<\/div>\n\t\t\t\t\t\t<\/div>\n\t\t\t\t\t<\/div>\n\t\t<\/div>\n\t\t\t\t\t\t\t\t<\/div>\n\t\t\t\t\t<\/div>\n\t\t<\/section>\n\t\t\t\t\t\t\t\t\t<\/div>\n\t\t\t<\/div>\n\t\t\t\t\t<\/div>\n\t\t","protected":false},"excerpt":{"rendered":"<p>O F&oacute;rum de Cria&ccedil;&atilde;o do N&uacute;cleo Integrador da Rede de Museus ocorreu no dia 12 de maio de 2016, no audit&oacute;rio do Museu de Ci&ecirc;ncias Morfol&oacute;gicas. O evento contou com a participa&ccedil;&atilde;o de coordenadores e representantes dos espa&ccedil;os integrantes da Rede de Museus, al&eacute;m de professores e especialistas da UFMG provenientes dos cursos de Museologia, &hellip; <a href=\"https:\/\/www.ufmg.br\/rededemuseus\/index.php\/2016\/05\/12\/rede-de-museus-realiza-forum-de-criacao-do-nucleo-integrador-orgao-de-assessoria-tecnico-cientifica-previsto-em-seu-novo-regimento\/\" class=\"more-link\">Continue lendo <span class=\"screen-reader-text\">Rede de Museus realiza f\u00f3rum de cria\u00e7\u00e3o do N\u00facleo Integrador, \u00f3rg\u00e3o de assessoria t\u00e9cnico-cient\u00edfica previsto em seu novo regimento<\/span> <span class=\"meta-nav\">&rarr;<\/span><\/a><\/p>\n","protected":false},"author":1,"featured_media":2738,"comment_status":"closed","ping_status":"closed","sticky":false,"template":"","format":"standard","meta":{"om_disable_all_campaigns":false,"_monsterinsights_skip_tracking":false,"_monsterinsights_sitenote_active":false,"_monsterinsights_sitenote_note":"","_monsterinsights_sitenote_category":0},"categories":[223],"tags":[],"aioseo_notices":[],"_links":{"self":[{"href":"https:\/\/www.ufmg.br\/rededemuseus\/index.php\/wp-json\/wp\/v2\/posts\/2736"}],"collection":[{"href":"https:\/\/www.ufmg.br\/rededemuseus\/index.php\/wp-json\/wp\/v2\/posts"}],"about":[{"href":"https:\/\/www.ufmg.br\/rededemuseus\/index.php\/wp-json\/wp\/v2\/types\/post"}],"author":[{"embeddable":true,"href":"https:\/\/www.ufmg.br\/rededemuseus\/index.php\/wp-json\/wp\/v2\/users\/1"}],"replies":[{"embeddable":true,"href":"https:\/\/www.ufmg.br\/rededemuseus\/index.php\/wp-json\/wp\/v2\/comments?post=2736"}],"version-history":[{"count":4,"href":"https:\/\/www.ufmg.br\/rededemuseus\/index.php\/wp-json\/wp\/v2\/posts\/2736\/revisions"}],"predecessor-version":[{"id":2741,"href":"https:\/\/www.ufmg.br\/rededemuseus\/index.php\/wp-json\/wp\/v2\/posts\/2736\/revisions\/2741"}],"wp:featuredmedia":[{"embeddable":true,"href":"https:\/\/www.ufmg.br\/rededemuseus\/index.php\/wp-json\/wp\/v2\/media\/2738"}],"wp:attachment":[{"href":"https:\/\/www.ufmg.br\/rededemuseus\/index.php\/wp-json\/wp\/v2\/media?parent=2736"}],"wp:term":[{"taxonomy":"category","embeddable":true,"href":"https:\/\/www.ufmg.br\/rededemuseus\/index.php\/wp-json\/wp\/v2\/categories?post=2736"},{"taxonomy":"post_tag","embeddable":true,"href":"https:\/\/www.ufmg.br\/rededemuseus\/index.php\/wp-json\/wp\/v2\/tags?post=2736"}],"curies":[{"name":"wp","href":"https:\/\/api.w.org\/{rel}","templated":true}]}}