

{"id":3242,"date":"2015-05-29T16:32:01","date_gmt":"2015-05-29T19:32:01","guid":{"rendered":"https:\/\/www.ufmg.br\/rededemuseus\/?p=3242"},"modified":"2023-02-17T17:03:20","modified_gmt":"2023-02-17T20:03:20","slug":"diretoria-de-arquivos-institucionais-da-ufmg-lanca-cartilha-sobre-nocoes-basicas-de-arquivo","status":"publish","type":"post","link":"https:\/\/www.ufmg.br\/rededemuseus\/index.php\/2015\/05\/29\/diretoria-de-arquivos-institucionais-da-ufmg-lanca-cartilha-sobre-nocoes-basicas-de-arquivo\/","title":{"rendered":"Diretoria de Arquivos Institucionais da UFMG lan\u00e7a cartilha sobre no\u00e7\u00f5es b\u00e1sicas de arquivo"},"content":{"rendered":"\t\t<div data-elementor-type=\"wp-post\" data-elementor-id=\"3242\" class=\"elementor elementor-3242\">\n\t\t\t\t\t\t<div class=\"elementor-inner\">\n\t\t\t\t<div class=\"elementor-section-wrap\">\n\t\t\t\t\t\t\t\t\t<section class=\"elementor-section elementor-top-section elementor-element elementor-element-1a57f82 elementor-section-boxed elementor-section-height-default elementor-section-height-default\" data-id=\"1a57f82\" data-element_type=\"section\">\n\t\t\t\t\t\t<div class=\"elementor-container elementor-column-gap-default\">\n\t\t\t\t\t\t\t<div class=\"elementor-row\">\n\t\t\t\t\t<div class=\"elementor-column elementor-col-100 elementor-top-column elementor-element elementor-element-1024f71\" data-id=\"1024f71\" data-element_type=\"column\">\n\t\t\t<div class=\"elementor-column-wrap elementor-element-populated\">\n\t\t\t\t\t\t\t<div class=\"elementor-widget-wrap\">\n\t\t\t\t\t\t<div class=\"elementor-element elementor-element-bd82202 elementor-widget elementor-widget-html\" data-id=\"bd82202\" data-element_type=\"widget\" data-widget_type=\"html.default\">\n\t\t\t\t<div class=\"elementor-widget-container\">\n\t\t\t<p>A Diretoria de Arquivos Institucionais da UFMG lan\u00e7ou, durante o II Ciclo de Palestras \"Acervos Pessoais na Universidade\" (ocorrido em 21 de maio na Escola da Ci\u00eancia da Informa\u00e7\u00e3o), a sua cartilha contendo no\u00e7\u00f5es b\u00e1sicas de arquivo.<\/p>\t\t<\/div>\n\t\t\t\t<\/div>\n\t\t\t\t\t\t<\/div>\n\t\t\t\t\t<\/div>\n\t\t<\/div>\n\t\t\t\t\t\t\t\t<\/div>\n\t\t\t\t\t<\/div>\n\t\t<\/section>\n\t\t\t\t<section class=\"elementor-section elementor-top-section elementor-element elementor-element-11249c0 elementor-section-boxed elementor-section-height-default elementor-section-height-default\" data-id=\"11249c0\" data-element_type=\"section\">\n\t\t\t\t\t\t<div class=\"elementor-container elementor-column-gap-default\">\n\t\t\t\t\t\t\t<div class=\"elementor-row\">\n\t\t\t\t\t<div class=\"elementor-column elementor-col-100 elementor-top-column elementor-element elementor-element-90c6a63\" data-id=\"90c6a63\" data-element_type=\"column\">\n\t\t\t<div class=\"elementor-column-wrap elementor-element-populated\">\n\t\t\t\t\t\t\t<div class=\"elementor-widget-wrap\">\n\t\t\t\t\t\t<div class=\"elementor-element elementor-element-cd44a69 elementor-widget elementor-widget-shortcode\" data-id=\"cd44a69\" data-element_type=\"widget\" data-widget_type=\"shortcode.default\">\n\t\t\t\t<div class=\"elementor-widget-container\">\n\t\t\t\t\t<div class=\"elementor-shortcode\"><div class='w3eden'><!-- WPDM Link Template: Default Template -->\n\n<div class=\"wpdm-link-template link-template-default thumbnail\" style=\"margin-bottom:5px; margin-top:15px;\">\n\n    <div class=\"media\" style=\"display: flex\">\n        <div class=\"pull-left\"><img class=\"wpdm_icon\" alt=\"Icon\" src=\"https:\/\/www.ufmg.br\/rededemuseus\/wp-content\/plugins\/download-manager\/assets\/file-type-icons\/pdf.svg\" onError='this.src=\"https:\/\/www.ufmg.br\/rededemuseus\/wp-content\/plugins\/download-manager\/assets\/file-type-icons\/unknown.svg\";' \/><\/div>\n        <div class=\"media-body\"><h3 class=\"package-title\">Cartilha \"No\u00e7\u00f5es B\u00e1sicas de Arquivo\"<\/h3>\n            <small class=\"text-muted\"><i class=\"fas fa-copy\"><\/i> 1 file(s) &nbsp; <i class=\"fas fa-hdd\"><\/i> 489.50 KB <\/small>\n        <\/div>\n        <div>\n            <a class='wpdm-download-link btn btn-secondary btn-sm' rel='nofollow' href='#' onclick=\"location.href='https:\/\/www.ufmg.br\/rededemuseus\/index.php\/download\/cartilha-nocoes-basicas-de-arquivo\/?wpdmdl=3248&refresh=69f3bc8a64a451777581194';return false;\">Download<\/a>\n        <\/div>\n    <\/div>\n<\/div>\n\n<div style=\"clear: both\"><\/div><\/div><\/div>\n\t\t\t\t<\/div>\n\t\t\t\t<\/div>\n\t\t\t\t\t\t<\/div>\n\t\t\t\t\t<\/div>\n\t\t<\/div>\n\t\t\t\t\t\t\t\t<\/div>\n\t\t\t\t\t<\/div>\n\t\t<\/section>\n\t\t\t\t\t\t\t\t\t<\/div>\n\t\t\t<\/div>\n\t\t\t\t\t<\/div>\n\t\t","protected":false},"excerpt":{"rendered":"<p>A Diretoria de Arquivos Institucionais da UFMG lan&ccedil;ou, durante o II Ciclo de Palestras &ldquo;Acervos Pessoais na Universidade&rdquo; (ocorrido em 21 de maio na Escola da Ci&ecirc;ncia da Informa&ccedil;&atilde;o), a sua cartilha contendo no&ccedil;&otilde;es b&aacute;sicas de arquivo.<\/p>\n","protected":false},"author":1,"featured_media":3244,"comment_status":"closed","ping_status":"closed","sticky":false,"template":"","format":"standard","meta":{"om_disable_all_campaigns":false,"_monsterinsights_skip_tracking":false,"_monsterinsights_sitenote_active":false,"_monsterinsights_sitenote_note":"","_monsterinsights_sitenote_category":0},"categories":[236],"tags":[],"aioseo_notices":[],"_links":{"self":[{"href":"https:\/\/www.ufmg.br\/rededemuseus\/index.php\/wp-json\/wp\/v2\/posts\/3242"}],"collection":[{"href":"https:\/\/www.ufmg.br\/rededemuseus\/index.php\/wp-json\/wp\/v2\/posts"}],"about":[{"href":"https:\/\/www.ufmg.br\/rededemuseus\/index.php\/wp-json\/wp\/v2\/types\/post"}],"author":[{"embeddable":true,"href":"https:\/\/www.ufmg.br\/rededemuseus\/index.php\/wp-json\/wp\/v2\/users\/1"}],"replies":[{"embeddable":true,"href":"https:\/\/www.ufmg.br\/rededemuseus\/index.php\/wp-json\/wp\/v2\/comments?post=3242"}],"version-history":[{"count":11,"href":"https:\/\/www.ufmg.br\/rededemuseus\/index.php\/wp-json\/wp\/v2\/posts\/3242\/revisions"}],"predecessor-version":[{"id":3256,"href":"https:\/\/www.ufmg.br\/rededemuseus\/index.php\/wp-json\/wp\/v2\/posts\/3242\/revisions\/3256"}],"wp:featuredmedia":[{"embeddable":true,"href":"https:\/\/www.ufmg.br\/rededemuseus\/index.php\/wp-json\/wp\/v2\/media\/3244"}],"wp:attachment":[{"href":"https:\/\/www.ufmg.br\/rededemuseus\/index.php\/wp-json\/wp\/v2\/media?parent=3242"}],"wp:term":[{"taxonomy":"category","embeddable":true,"href":"https:\/\/www.ufmg.br\/rededemuseus\/index.php\/wp-json\/wp\/v2\/categories?post=3242"},{"taxonomy":"post_tag","embeddable":true,"href":"https:\/\/www.ufmg.br\/rededemuseus\/index.php\/wp-json\/wp\/v2\/tags?post=3242"}],"curies":[{"name":"wp","href":"https:\/\/api.w.org\/{rel}","templated":true}]}}