

{"id":3490,"date":"2018-09-04T14:37:47","date_gmt":"2018-09-04T17:37:47","guid":{"rendered":"https:\/\/www.ufmg.br\/rededemuseus\/?p=3490"},"modified":"2023-02-23T14:44:43","modified_gmt":"2023-02-23T17:44:43","slug":"todo-apoio-ao-museu-nacional-e-em-defesa-do-patrimonio-cultural-universitario","status":"publish","type":"post","link":"https:\/\/www.ufmg.br\/rededemuseus\/index.php\/2018\/09\/04\/todo-apoio-ao-museu-nacional-e-em-defesa-do-patrimonio-cultural-universitario\/","title":{"rendered":"Todo apoio ao Museu Nacional e em defesa do patrim\u00f4nio cultural universit\u00e1rio"},"content":{"rendered":"\t\t<div data-elementor-type=\"wp-post\" data-elementor-id=\"3490\" class=\"elementor elementor-3490\">\n\t\t\t\t\t\t<div class=\"elementor-inner\">\n\t\t\t\t<div class=\"elementor-section-wrap\">\n\t\t\t\t\t\t\t\t\t<section class=\"elementor-section elementor-top-section elementor-element elementor-element-36c3faa elementor-section-boxed elementor-section-height-default elementor-section-height-default\" data-id=\"36c3faa\" data-element_type=\"section\">\n\t\t\t\t\t\t<div class=\"elementor-container elementor-column-gap-default\">\n\t\t\t\t\t\t\t<div class=\"elementor-row\">\n\t\t\t\t\t<div class=\"elementor-column elementor-col-100 elementor-top-column elementor-element elementor-element-c3e7e82\" data-id=\"c3e7e82\" data-element_type=\"column\">\n\t\t\t<div class=\"elementor-column-wrap elementor-element-populated\">\n\t\t\t\t\t\t\t<div class=\"elementor-widget-wrap\">\n\t\t\t\t\t\t<div class=\"elementor-element elementor-element-e6096c2 elementor-widget elementor-widget-image\" data-id=\"e6096c2\" data-element_type=\"widget\" data-widget_type=\"image.default\">\n\t\t\t\t<div class=\"elementor-widget-container\">\n\t\t\t\t\t\t\t\t<div class=\"elementor-image\">\n\t\t\t\t\t\t\t\t\t\t\t\t<img width=\"300\" height=\"300\" src=\"https:\/\/www.ufmg.br\/rededemuseus\/wp-content\/uploads\/2018\/09\/naluta-300x300.jpg\" class=\"attachment-medium size-medium\" alt=\"\" loading=\"lazy\" srcset=\"https:\/\/www.ufmg.br\/rededemuseus\/wp-content\/uploads\/2018\/09\/naluta-300x300.jpg 300w, https:\/\/www.ufmg.br\/rededemuseus\/wp-content\/uploads\/2018\/09\/naluta-150x150.jpg 150w, https:\/\/www.ufmg.br\/rededemuseus\/wp-content\/uploads\/2018\/09\/naluta-45x45.jpg 45w, https:\/\/www.ufmg.br\/rededemuseus\/wp-content\/uploads\/2018\/09\/naluta.jpg 756w\" sizes=\"(max-width: 300px) 100vw, 300px\" \/>\t\t\t\t\t\t\t\t\t\t\t\t\t\t<\/div>\n\t\t\t\t\t\t<\/div>\n\t\t\t\t<\/div>\n\t\t\t\t\t\t<\/div>\n\t\t\t\t\t<\/div>\n\t\t<\/div>\n\t\t\t\t\t\t\t\t<\/div>\n\t\t\t\t\t<\/div>\n\t\t<\/section>\n\t\t\t\t<section class=\"elementor-section elementor-top-section elementor-element elementor-element-175bbed elementor-section-boxed elementor-section-height-default elementor-section-height-default\" data-id=\"175bbed\" data-element_type=\"section\">\n\t\t\t\t\t\t<div class=\"elementor-container elementor-column-gap-default\">\n\t\t\t\t\t\t\t<div class=\"elementor-row\">\n\t\t\t\t\t<div class=\"elementor-column elementor-col-100 elementor-top-column elementor-element elementor-element-67d9a3e\" data-id=\"67d9a3e\" data-element_type=\"column\">\n\t\t\t<div class=\"elementor-column-wrap elementor-element-populated\">\n\t\t\t\t\t\t\t<div class=\"elementor-widget-wrap\">\n\t\t\t\t\t\t<div class=\"elementor-element elementor-element-d8d4275 elementor-widget elementor-widget-shortcode\" data-id=\"d8d4275\" data-element_type=\"widget\" data-widget_type=\"shortcode.default\">\n\t\t\t\t<div class=\"elementor-widget-container\">\n\t\t\t\t\t<div class=\"elementor-shortcode\"><div class='w3eden'><!-- WPDM Link Template: Default Template -->\n\n<div class=\"wpdm-link-template link-template-default thumbnail\" style=\"margin-bottom:5px; margin-top:15px;\">\n\n    <div class=\"media\" style=\"display: flex\">\n        <div class=\"pull-left\"><img class=\"wpdm_icon\" alt=\"Icon\" src=\"https:\/\/www.ufmg.br\/rededemuseus\/wp-content\/plugins\/download-manager\/assets\/file-type-icons\/pdf.svg\" onError='this.src=\"https:\/\/www.ufmg.br\/rededemuseus\/wp-content\/plugins\/download-manager\/assets\/file-type-icons\/unknown.svg\";' \/><\/div>\n        <div class=\"media-body\"><h3 class=\"package-title\">Carta aberta aos Minist\u00e9rios da Educa\u00e7\u00e3o e Cultura (Rede de Professores e Pesquisadores em Museologia, F\u00f3rum Permanente de Museus Universit\u00e1rios e Rede Museus Universit\u00e1rios)<\/h3>\n            <small class=\"text-muted\"><i class=\"fas fa-copy\"><\/i> 1 file(s) &nbsp; <i class=\"fas fa-hdd\"><\/i> 112.42 KB <\/small>\n        <\/div>\n        <div>\n            <a class='wpdm-download-link btn btn-secondary btn-sm' rel='nofollow' href='#' onclick=\"location.href='https:\/\/www.ufmg.br\/rededemuseus\/index.php\/download\/carta-aberta-aos-ministerios-da-educacao-e-cultura-rede-de-professores-e-pesquisadores-em-museologia-forum-permanente-de-museus-universitarios-e-rede-museus-universitarios\/?wpdmdl=3504&refresh=69f449c9643bd1777617353';return false;\">Download<\/a>\n        <\/div>\n    <\/div>\n<\/div>\n\n<div style=\"clear: both\"><\/div><\/div><\/div>\n\t\t\t\t<\/div>\n\t\t\t\t<\/div>\n\t\t\t\t<div class=\"elementor-element elementor-element-4a5f777 elementor-widget elementor-widget-shortcode\" data-id=\"4a5f777\" data-element_type=\"widget\" data-widget_type=\"shortcode.default\">\n\t\t\t\t<div class=\"elementor-widget-container\">\n\t\t\t\t\t<div class=\"elementor-shortcode\"><div class='w3eden'><!-- WPDM Link Template: Default Template -->\n\n<div class=\"wpdm-link-template link-template-default thumbnail\" style=\"margin-bottom:5px; margin-top:15px;\">\n\n    <div class=\"media\" style=\"display: flex\">\n        <div class=\"pull-left\"><img class=\"wpdm_icon\" alt=\"Icon\" src=\"https:\/\/www.ufmg.br\/rededemuseus\/wp-content\/plugins\/download-manager\/assets\/file-type-icons\/pdf.svg\" onError='this.src=\"https:\/\/www.ufmg.br\/rededemuseus\/wp-content\/plugins\/download-manager\/assets\/file-type-icons\/unknown.svg\";' \/><\/div>\n        <div class=\"media-body\"><h3 class=\"package-title\">Nota P\u00fablica em Apoio ao Museu Nacional e em Defesa do Patrim\u00f4nio Cultural Universit\u00e1rio (Diversas Inst\u00e2ncias da UFMG)<\/h3>\n            <small class=\"text-muted\"><i class=\"fas fa-copy\"><\/i> 1 file(s) &nbsp; <i class=\"fas fa-hdd\"><\/i> 22.38 KB <\/small>\n        <\/div>\n        <div>\n            <a class='wpdm-download-link btn btn-secondary btn-sm' rel='nofollow' href='#' onclick=\"location.href='https:\/\/www.ufmg.br\/rededemuseus\/index.php\/download\/nota-publica-em-apoio-ao-museu-nacional-e-em-defesa-do-patrimonio-cultural-universitario-diversas-instancias-da-ufmg\/?wpdmdl=3508&refresh=69f449c979cc61777617353';return false;\">Download<\/a>\n        <\/div>\n    <\/div>\n<\/div>\n\n<div style=\"clear: both\"><\/div><\/div><\/div>\n\t\t\t\t<\/div>\n\t\t\t\t<\/div>\n\t\t\t\t\t\t<\/div>\n\t\t\t\t\t<\/div>\n\t\t<\/div>\n\t\t\t\t\t\t\t\t<\/div>\n\t\t\t\t\t<\/div>\n\t\t<\/section>\n\t\t\t\t\t\t\t\t\t<\/div>\n\t\t\t<\/div>\n\t\t\t\t\t<\/div>\n\t\t","protected":false},"excerpt":{"rendered":"","protected":false},"author":1,"featured_media":3492,"comment_status":"closed","ping_status":"closed","sticky":false,"template":"","format":"standard","meta":{"om_disable_all_campaigns":false,"_monsterinsights_skip_tracking":false,"_monsterinsights_sitenote_active":false,"_monsterinsights_sitenote_note":"","_monsterinsights_sitenote_category":0},"categories":[236],"tags":[],"aioseo_notices":[],"_links":{"self":[{"href":"https:\/\/www.ufmg.br\/rededemuseus\/index.php\/wp-json\/wp\/v2\/posts\/3490"}],"collection":[{"href":"https:\/\/www.ufmg.br\/rededemuseus\/index.php\/wp-json\/wp\/v2\/posts"}],"about":[{"href":"https:\/\/www.ufmg.br\/rededemuseus\/index.php\/wp-json\/wp\/v2\/types\/post"}],"author":[{"embeddable":true,"href":"https:\/\/www.ufmg.br\/rededemuseus\/index.php\/wp-json\/wp\/v2\/users\/1"}],"replies":[{"embeddable":true,"href":"https:\/\/www.ufmg.br\/rededemuseus\/index.php\/wp-json\/wp\/v2\/comments?post=3490"}],"version-history":[{"count":16,"href":"https:\/\/www.ufmg.br\/rededemuseus\/index.php\/wp-json\/wp\/v2\/posts\/3490\/revisions"}],"predecessor-version":[{"id":3511,"href":"https:\/\/www.ufmg.br\/rededemuseus\/index.php\/wp-json\/wp\/v2\/posts\/3490\/revisions\/3511"}],"wp:featuredmedia":[{"embeddable":true,"href":"https:\/\/www.ufmg.br\/rededemuseus\/index.php\/wp-json\/wp\/v2\/media\/3492"}],"wp:attachment":[{"href":"https:\/\/www.ufmg.br\/rededemuseus\/index.php\/wp-json\/wp\/v2\/media?parent=3490"}],"wp:term":[{"taxonomy":"category","embeddable":true,"href":"https:\/\/www.ufmg.br\/rededemuseus\/index.php\/wp-json\/wp\/v2\/categories?post=3490"},{"taxonomy":"post_tag","embeddable":true,"href":"https:\/\/www.ufmg.br\/rededemuseus\/index.php\/wp-json\/wp\/v2\/tags?post=3490"}],"curies":[{"name":"wp","href":"https:\/\/api.w.org\/{rel}","templated":true}]}}